{"id":9080,"date":"2025-02-16T17:42:03","date_gmt":"2025-02-16T16:42:03","guid":{"rendered":"https:\/\/agora.xtec.cat\/zer-pedrera\/?p=9080"},"modified":"2025-02-16T17:42:03","modified_gmt":"2025-02-16T16:42:03","slug":"ei-de-lescola-abat-ruera-vocabulari-dhivern","status":"publish","type":"post","link":"https:\/\/agora.xtec.cat\/zer-pedrera\/general\/ei-de-lescola-abat-ruera-vocabulari-dhivern\/","title":{"rendered":"EI de l&#8217;escola Abat Ruera. Vocabulari d&#8217;hivern"},"content":{"rendered":"<p>A Infantil estem treballant el vocabulari de l&#8217;hivern a trav\u00e9s dels racons. El treball per racons \u00e9s una metodologia on s&#8217;organitza als infants en petits grups o per parelles distribu\u00efts per diversos espais de l&#8217;aula on duen a terme activitats d&#8217;aprenentatge de manera simult\u00e0nia i aut\u00f2noma.<\/p>\n<p>El treball per racons ens permet treballar el vocabulari d&#8217;hivern d&#8217;una manera m\u00e9s creativa i flexible. El sol fet de treballar en un nombre redu\u00eft d&#8217;alumnes afavoreix l&#8217;atenci\u00f3 i la concentraci\u00f3 en la proposta que es presenta, per tant, en el seu aprenentatge. Se cedeix a l&#8217;alumnat un gran protagonisme sent model i guia dels seus propis companys\/es, prenent consci\u00e8ncia de les seves possibilitats, acceptant i aprenent dels seus errors.<\/p>\n<p><a href=\"https:\/\/photos.app.goo.gl\/BMBzm2hwLPaFJMiG9\" target=\"_blank\" rel=\"noopener\"><img loading=\"lazy\" decoding=\"async\" class=\"alignnone size-full wp-image-9082\" src=\"https:\/\/agora.xtec.cat\/zer-pedrera\/wp-content\/uploads\/usu1473\/2025\/02\/IMG-20250212-WA0047.jpg\" alt=\"\" width=\"300\" height=\"300\" srcset=\"https:\/\/agora.xtec.cat\/zer-pedrera\/wp-content\/uploads\/usu1473\/2025\/02\/IMG-20250212-WA0047.jpg 300w, https:\/\/agora.xtec.cat\/zer-pedrera\/wp-content\/uploads\/usu1473\/2025\/02\/IMG-20250212-WA0047-150x150.jpg 150w\" sizes=\"auto, (max-width: 300px) 100vw, 300px\" \/><\/a><\/p>\n","protected":false},"excerpt":{"rendered":"<p>A Infantil estem treballant el vocabulari de l&#8217;hivern a trav\u00e9s dels racons. El treball per racons \u00e9s una metodologia on s&#8217;organitza als infants en petits grups o per parelles distribu\u00efts per diversos espais de l&#8217;aula on duen a terme activitats d&#8217;aprenentatge de manera simult\u00e0nia i&hellip;  <a href=\"https:\/\/agora.xtec.cat\/zer-pedrera\/general\/ei-de-lescola-abat-ruera-vocabulari-dhivern\/\" title=\"Read EI de l&#8217;escola Abat Ruera. Vocabulari d&#8217;hivern\">Llegeix m\u00e9s\u00bb<\/a><\/p>\n","protected":false},"author":1,"featured_media":9082,"comment_status":"open","ping_status":"closed","sticky":false,"template":"","format":"standard","meta":{"_bbp_topic_count":0,"_bbp_reply_count":0,"_bbp_total_topic_count":0,"_bbp_total_reply_count":0,"_bbp_voice_count":0,"_bbp_anonymous_reply_count":0,"_bbp_topic_count_hidden":0,"_bbp_reply_count_hidden":0,"_bbp_forum_subforum_count":0,"footnotes":""},"categories":[125,113,110,1,116,29,120],"tags":[],"class_list":["post-9080","post","type-post","status-publish","format-standard","has-post-thumbnail","hentry","category-catala","category-e-infantil","category-escola-abat-ruera","category-general","category-medi","category-portada","category-projectes"],"post_mailing_queue_ids":[],"_links":{"self":[{"href":"https:\/\/agora.xtec.cat\/zer-pedrera\/wp-json\/wp\/v2\/posts\/9080","targetHints":{"allow":["GET"]}}],"collection":[{"href":"https:\/\/agora.xtec.cat\/zer-pedrera\/wp-json\/wp\/v2\/posts"}],"about":[{"href":"https:\/\/agora.xtec.cat\/zer-pedrera\/wp-json\/wp\/v2\/types\/post"}],"author":[{"embeddable":true,"href":"https:\/\/agora.xtec.cat\/zer-pedrera\/wp-json\/wp\/v2\/users\/1"}],"replies":[{"embeddable":true,"href":"https:\/\/agora.xtec.cat\/zer-pedrera\/wp-json\/wp\/v2\/comments?post=9080"}],"version-history":[{"count":3,"href":"https:\/\/agora.xtec.cat\/zer-pedrera\/wp-json\/wp\/v2\/posts\/9080\/revisions"}],"predecessor-version":[{"id":9084,"href":"https:\/\/agora.xtec.cat\/zer-pedrera\/wp-json\/wp\/v2\/posts\/9080\/revisions\/9084"}],"wp:featuredmedia":[{"embeddable":true,"href":"https:\/\/agora.xtec.cat\/zer-pedrera\/wp-json\/wp\/v2\/media\/9082"}],"wp:attachment":[{"href":"https:\/\/agora.xtec.cat\/zer-pedrera\/wp-json\/wp\/v2\/media?parent=9080"}],"wp:term":[{"taxonomy":"category","embeddable":true,"href":"https:\/\/agora.xtec.cat\/zer-pedrera\/wp-json\/wp\/v2\/categories?post=9080"},{"taxonomy":"post_tag","embeddable":true,"href":"https:\/\/agora.xtec.cat\/zer-pedrera\/wp-json\/wp\/v2\/tags?post=9080"}],"curies":[{"name":"wp","href":"https:\/\/api.w.org\/{rel}","templated":true}]}}