{"id":9073,"date":"2025-03-04T10:14:09","date_gmt":"2025-03-04T09:14:09","guid":{"rendered":"https:\/\/agora.xtec.cat\/zer-pedrera\/?p=9073"},"modified":"2025-03-04T10:18:44","modified_gmt":"2025-03-04T09:18:44","slug":"educacio-primaria-descola-abat-ruera-frida-kahlo","status":"publish","type":"post","link":"https:\/\/agora.xtec.cat\/zer-pedrera\/general\/educacio-primaria-descola-abat-ruera-frida-kahlo\/","title":{"rendered":"Educaci\u00f3 Prim\u00e0ria de l&#8217;escola Abat Ruera. Frida Kahlo"},"content":{"rendered":"<p>En l&#8217;\u00e0rea de Valors, tot l&#8217;alumnat d&#8217;Educaci\u00f3 Prim\u00e0ria, han treballat la vida de la gran artista mexicana Frida Kahlo. L&#8217;objectiu principal d&#8217;aquesta activitat ha estat entendre la seva vida i com davant de les adversitats, els valors de la const\u00e0ncia, l&#8217;esfor\u00e7, l&#8217;optimisme i la fortalesa s\u00f3n essencials per evolucionar i superar tots els problemes.<\/p>\n<p>Per veure m\u00e9s fotografies clicar damunt de la imatge.<\/p>\n<p><a href=\"https:\/\/photos.app.goo.gl\/WAyF1a5uydKXzuUN6\" target=\"_blank\" rel=\"noopener\"><img loading=\"lazy\" decoding=\"async\" class=\"alignnone size-full wp-image-9074\" src=\"https:\/\/agora.xtec.cat\/zer-pedrera\/wp-content\/uploads\/usu1473\/2025\/02\/200195.jpg\" alt=\"\" width=\"300\" height=\"375\" srcset=\"https:\/\/agora.xtec.cat\/zer-pedrera\/wp-content\/uploads\/usu1473\/2025\/02\/200195.jpg 300w, https:\/\/agora.xtec.cat\/zer-pedrera\/wp-content\/uploads\/usu1473\/2025\/02\/200195-240x300.jpg 240w\" sizes=\"auto, (max-width: 300px) 100vw, 300px\" \/><\/a><\/p>\n<p>&nbsp;<\/p>\n","protected":false},"excerpt":{"rendered":"<p>En l&#8217;\u00e0rea de Valors, tot l&#8217;alumnat d&#8217;Educaci\u00f3 Prim\u00e0ria, han treballat la vida de la gran artista mexicana Frida Kahlo. L&#8217;objectiu principal d&#8217;aquesta activitat ha estat entendre la seva vida i com davant de les adversitats, els valors de la const\u00e0ncia, l&#8217;esfor\u00e7, l&#8217;optimisme i la fortalesa&hellip;  <a href=\"https:\/\/agora.xtec.cat\/zer-pedrera\/general\/educacio-primaria-descola-abat-ruera-frida-kahlo\/\" title=\"Read Educaci\u00f3 Prim\u00e0ria de l&#8217;escola Abat Ruera. Frida Kahlo\">Llegeix m\u00e9s\u00bb<\/a><\/p>\n","protected":false},"author":1,"featured_media":9074,"comment_status":"open","ping_status":"closed","sticky":false,"template":"","format":"standard","meta":{"_bbp_topic_count":0,"_bbp_reply_count":0,"_bbp_total_topic_count":0,"_bbp_total_reply_count":0,"_bbp_voice_count":0,"_bbp_anonymous_reply_count":0,"_bbp_topic_count_hidden":0,"_bbp_reply_count_hidden":0,"_bbp_forum_subforum_count":0,"footnotes":""},"categories":[145,110,1,119,29,89,121,122],"tags":[],"class_list":["post-9073","post","type-post","status-publish","format-standard","has-post-thumbnail","hentry","category-educacio-en-valors","category-escola-abat-ruera","category-general","category-plastica","category-portada","category-primaria","category-religio","category-valors"],"post_mailing_queue_ids":[],"_links":{"self":[{"href":"https:\/\/agora.xtec.cat\/zer-pedrera\/wp-json\/wp\/v2\/posts\/9073","targetHints":{"allow":["GET"]}}],"collection":[{"href":"https:\/\/agora.xtec.cat\/zer-pedrera\/wp-json\/wp\/v2\/posts"}],"about":[{"href":"https:\/\/agora.xtec.cat\/zer-pedrera\/wp-json\/wp\/v2\/types\/post"}],"author":[{"embeddable":true,"href":"https:\/\/agora.xtec.cat\/zer-pedrera\/wp-json\/wp\/v2\/users\/1"}],"replies":[{"embeddable":true,"href":"https:\/\/agora.xtec.cat\/zer-pedrera\/wp-json\/wp\/v2\/comments?post=9073"}],"version-history":[{"count":3,"href":"https:\/\/agora.xtec.cat\/zer-pedrera\/wp-json\/wp\/v2\/posts\/9073\/revisions"}],"predecessor-version":[{"id":9162,"href":"https:\/\/agora.xtec.cat\/zer-pedrera\/wp-json\/wp\/v2\/posts\/9073\/revisions\/9162"}],"wp:featuredmedia":[{"embeddable":true,"href":"https:\/\/agora.xtec.cat\/zer-pedrera\/wp-json\/wp\/v2\/media\/9074"}],"wp:attachment":[{"href":"https:\/\/agora.xtec.cat\/zer-pedrera\/wp-json\/wp\/v2\/media?parent=9073"}],"wp:term":[{"taxonomy":"category","embeddable":true,"href":"https:\/\/agora.xtec.cat\/zer-pedrera\/wp-json\/wp\/v2\/categories?post=9073"},{"taxonomy":"post_tag","embeddable":true,"href":"https:\/\/agora.xtec.cat\/zer-pedrera\/wp-json\/wp\/v2\/tags?post=9073"}],"curies":[{"name":"wp","href":"https:\/\/api.w.org\/{rel}","templated":true}]}}