{"id":9061,"date":"2025-02-04T20:52:36","date_gmt":"2025-02-04T19:52:36","guid":{"rendered":"https:\/\/agora.xtec.cat\/zer-pedrera\/?p=9061"},"modified":"2025-02-09T11:29:58","modified_gmt":"2025-02-09T10:29:58","slug":"ep-de-lescola-abat-ruera-taller-dintegracio","status":"publish","type":"post","link":"https:\/\/agora.xtec.cat\/zer-pedrera\/general\/ep-de-lescola-abat-ruera-taller-dintegracio\/","title":{"rendered":"EP de l&#8217;escola Abat Ruera. Taller d&#8217;integraci\u00f3"},"content":{"rendered":"<p>El dia 31 de gener, la mare del Gerard de primer, va tornar a la nostra escola per fer un taller de sensibilitzaci\u00f3 envers la comunitat sordceguesa. Com \u00e9s el m\u00f3n d&#8217;una persona que no pot sentir ni veure? \u00c9s dif\u00edcil de saber-ho si no es viu aquesta realitat di\u00e0riament. L&#8217;Iris ha fet una activitat a tot l&#8217;alumnat d&#8217;Educaci\u00f3 Prim\u00e0ria per sensibilitzar-lo de l&#8217;afortunat que s\u00f3n de tenir tots els sentits Han apr\u00e8s que han d&#8217;ajudar i entendre a les persones que no veuen ni senten.<\/p>\n<p>Moltes gr\u00e0cies, Iris per aconseguir que a partir d&#8217;una activitat, l&#8217;alumnat s&#8217;hagi conscienciat de qu\u00e8 existeixen persones sense tots els sentits i que han de viure en una societat on la imatge i el so ho envaeix tot.<\/p>\n<p>Per veure m\u00e9s fotografies clicar damunt de la imatge.<\/p>\n<p><a href=\"https:\/\/photos.app.goo.gl\/S3GwANvGi3eoS1Av6\" target=\"_blank\" rel=\"noopener\"><img loading=\"lazy\" decoding=\"async\" class=\"alignnone size-full wp-image-9064\" src=\"https:\/\/agora.xtec.cat\/zer-pedrera\/wp-content\/uploads\/usu1473\/2025\/02\/IMG-20250131-WA0074.jpg\" alt=\"\" width=\"300\" height=\"225\" srcset=\"https:\/\/agora.xtec.cat\/zer-pedrera\/wp-content\/uploads\/usu1473\/2025\/02\/IMG-20250131-WA0074.jpg 300w, https:\/\/agora.xtec.cat\/zer-pedrera\/wp-content\/uploads\/usu1473\/2025\/02\/IMG-20250131-WA0074-200x150.jpg 200w\" sizes=\"auto, (max-width: 300px) 100vw, 300px\" \/><\/a><\/p>\n<p>&nbsp;<\/p>\n","protected":false},"excerpt":{"rendered":"<p>El dia 31 de gener, la mare del Gerard de primer, va tornar a la nostra escola per fer un taller de sensibilitzaci\u00f3 envers la comunitat sordceguesa. Com \u00e9s el m\u00f3n d&#8217;una persona que no pot sentir ni veure? \u00c9s dif\u00edcil de saber-ho si no&hellip;  <a href=\"https:\/\/agora.xtec.cat\/zer-pedrera\/general\/ep-de-lescola-abat-ruera-taller-dintegracio\/\" title=\"Read EP de l&#8217;escola Abat Ruera. Taller d&#8217;integraci\u00f3\">Llegeix m\u00e9s\u00bb<\/a><\/p>\n","protected":false},"author":1,"featured_media":9064,"comment_status":"open","ping_status":"closed","sticky":false,"template":"","format":"standard","meta":{"_bbp_topic_count":0,"_bbp_reply_count":0,"_bbp_total_topic_count":0,"_bbp_total_reply_count":0,"_bbp_voice_count":0,"_bbp_anonymous_reply_count":0,"_bbp_topic_count_hidden":0,"_bbp_reply_count_hidden":0,"_bbp_forum_subforum_count":0,"footnotes":""},"categories":[145,110,1,29,89,122],"tags":[],"class_list":["post-9061","post","type-post","status-publish","format-standard","has-post-thumbnail","hentry","category-educacio-en-valors","category-escola-abat-ruera","category-general","category-portada","category-primaria","category-valors"],"post_mailing_queue_ids":[],"_links":{"self":[{"href":"https:\/\/agora.xtec.cat\/zer-pedrera\/wp-json\/wp\/v2\/posts\/9061","targetHints":{"allow":["GET"]}}],"collection":[{"href":"https:\/\/agora.xtec.cat\/zer-pedrera\/wp-json\/wp\/v2\/posts"}],"about":[{"href":"https:\/\/agora.xtec.cat\/zer-pedrera\/wp-json\/wp\/v2\/types\/post"}],"author":[{"embeddable":true,"href":"https:\/\/agora.xtec.cat\/zer-pedrera\/wp-json\/wp\/v2\/users\/1"}],"replies":[{"embeddable":true,"href":"https:\/\/agora.xtec.cat\/zer-pedrera\/wp-json\/wp\/v2\/comments?post=9061"}],"version-history":[{"count":4,"href":"https:\/\/agora.xtec.cat\/zer-pedrera\/wp-json\/wp\/v2\/posts\/9061\/revisions"}],"predecessor-version":[{"id":9069,"href":"https:\/\/agora.xtec.cat\/zer-pedrera\/wp-json\/wp\/v2\/posts\/9061\/revisions\/9069"}],"wp:featuredmedia":[{"embeddable":true,"href":"https:\/\/agora.xtec.cat\/zer-pedrera\/wp-json\/wp\/v2\/media\/9064"}],"wp:attachment":[{"href":"https:\/\/agora.xtec.cat\/zer-pedrera\/wp-json\/wp\/v2\/media?parent=9061"}],"wp:term":[{"taxonomy":"category","embeddable":true,"href":"https:\/\/agora.xtec.cat\/zer-pedrera\/wp-json\/wp\/v2\/categories?post=9061"},{"taxonomy":"post_tag","embeddable":true,"href":"https:\/\/agora.xtec.cat\/zer-pedrera\/wp-json\/wp\/v2\/tags?post=9061"}],"curies":[{"name":"wp","href":"https:\/\/api.w.org\/{rel}","templated":true}]}}