{"id":9049,"date":"2025-02-02T18:49:31","date_gmt":"2025-02-02T17:49:31","guid":{"rendered":"https:\/\/agora.xtec.cat\/zer-pedrera\/?p=9049"},"modified":"2025-02-02T18:49:31","modified_gmt":"2025-02-02T17:49:31","slug":"celebrem-el-denip-escola-porcel-de-cervera-2","status":"publish","type":"post","link":"https:\/\/agora.xtec.cat\/zer-pedrera\/general\/celebrem-el-denip-escola-porcel-de-cervera-2\/","title":{"rendered":"Celebrem el DENIP. Escola Porcel de Cervera"},"content":{"rendered":"<p>El passat dijous 30 de gener hem celebrat un any m\u00e9s el DENIP, Dia Escolar de la No viol\u00e8ncia i la Pau, per fer una petita aturada al nostre dia a dia i recordar la import\u00e0ncia de la Pau per el nostre benestar personal i social. Durant tota la setmana ens han acompanyat can\u00e7ons, contes i hist\u00f2ries de conscienciaci\u00f3. Com a Cloenda tota l&#8217;escola hem preparat cartells amb paraules boniques i alegres que ens evocaven un color determinat; hem sortit al pati en rotllana i hem llen\u00e7at enlaire pols de colors\u00a0 sobre de les paraules. Aix\u00ed hem creat un bonic n\u00favol de pols simbolitzant la uni\u00f3 de totes les paraules boniques i alegres per construir conjuntament un m\u00f3n millor. Finalment hem ballat el trenet de l&#8217;alegria i hem rigut molt i molt.<\/p>\n<p>Esperem que totes aquestes activitats i les que fem al llarg del curs, serveixin perqu\u00e8 realment el nostre alumnat sigui un exemple a seguir en aquestes actituds i valors.<\/p>\n<p><a href=\"https:\/\/photos.app.goo.gl\/HTc5UAQFbEpdzkeu6\"><img loading=\"lazy\" decoding=\"async\" class=\"aligncenter\" src=\"https:\/\/agora.xtec.cat\/zer-pedrera\/wp-content\/uploads\/usu1473\/2025\/02\/portada-rotated.jpg\" width=\"78\" height=\"104\" \/><\/a><\/p>\n","protected":false},"excerpt":{"rendered":"<p>El passat dijous 30 de gener hem celebrat un any m\u00e9s el DENIP, Dia Escolar de la No viol\u00e8ncia i la Pau, per fer una petita aturada al nostre dia a dia i recordar la import\u00e0ncia de la Pau per el nostre benestar personal i&hellip;  <a href=\"https:\/\/agora.xtec.cat\/zer-pedrera\/general\/celebrem-el-denip-escola-porcel-de-cervera-2\/\" title=\"Read Celebrem el DENIP. Escola Porcel de Cervera\">Llegeix m\u00e9s\u00bb<\/a><\/p>\n","protected":false},"author":1,"featured_media":9053,"comment_status":"open","ping_status":"closed","sticky":false,"template":"","format":"standard","meta":{"_bbp_topic_count":0,"_bbp_reply_count":0,"_bbp_total_topic_count":0,"_bbp_total_reply_count":0,"_bbp_voice_count":0,"_bbp_anonymous_reply_count":0,"_bbp_topic_count_hidden":0,"_bbp_reply_count_hidden":0,"_bbp_forum_subforum_count":0,"footnotes":""},"categories":[113,111,1,29,89],"tags":[],"class_list":["post-9049","post","type-post","status-publish","format-standard","has-post-thumbnail","hentry","category-e-infantil","category-escola-porcel-de-cervera","category-general","category-portada","category-primaria"],"post_mailing_queue_ids":[],"_links":{"self":[{"href":"https:\/\/agora.xtec.cat\/zer-pedrera\/wp-json\/wp\/v2\/posts\/9049","targetHints":{"allow":["GET"]}}],"collection":[{"href":"https:\/\/agora.xtec.cat\/zer-pedrera\/wp-json\/wp\/v2\/posts"}],"about":[{"href":"https:\/\/agora.xtec.cat\/zer-pedrera\/wp-json\/wp\/v2\/types\/post"}],"author":[{"embeddable":true,"href":"https:\/\/agora.xtec.cat\/zer-pedrera\/wp-json\/wp\/v2\/users\/1"}],"replies":[{"embeddable":true,"href":"https:\/\/agora.xtec.cat\/zer-pedrera\/wp-json\/wp\/v2\/comments?post=9049"}],"version-history":[{"count":3,"href":"https:\/\/agora.xtec.cat\/zer-pedrera\/wp-json\/wp\/v2\/posts\/9049\/revisions"}],"predecessor-version":[{"id":9054,"href":"https:\/\/agora.xtec.cat\/zer-pedrera\/wp-json\/wp\/v2\/posts\/9049\/revisions\/9054"}],"wp:featuredmedia":[{"embeddable":true,"href":"https:\/\/agora.xtec.cat\/zer-pedrera\/wp-json\/wp\/v2\/media\/9053"}],"wp:attachment":[{"href":"https:\/\/agora.xtec.cat\/zer-pedrera\/wp-json\/wp\/v2\/media?parent=9049"}],"wp:term":[{"taxonomy":"category","embeddable":true,"href":"https:\/\/agora.xtec.cat\/zer-pedrera\/wp-json\/wp\/v2\/categories?post=9049"},{"taxonomy":"post_tag","embeddable":true,"href":"https:\/\/agora.xtec.cat\/zer-pedrera\/wp-json\/wp\/v2\/tags?post=9049"}],"curies":[{"name":"wp","href":"https:\/\/api.w.org\/{rel}","templated":true}]}}