{"id":9038,"date":"2025-02-02T18:57:06","date_gmt":"2025-02-02T17:57:06","guid":{"rendered":"https:\/\/agora.xtec.cat\/zer-pedrera\/?p=9038"},"modified":"2025-02-02T18:57:06","modified_gmt":"2025-02-02T17:57:06","slug":"construim-un-rellotge-de-sol-alumnat-escola-porcel-de-cervera","status":"publish","type":"post","link":"https:\/\/agora.xtec.cat\/zer-pedrera\/general\/construim-un-rellotge-de-sol-alumnat-escola-porcel-de-cervera\/","title":{"rendered":"Constru\u00efm un rellotge de sol. Alumnat escola Porcel de Cervera."},"content":{"rendered":"<p><span style=\"font-weight: 400;\">A la franja de l&#8217;hora d&#8217;experiments on tota l&#8217;escola ens unim per descobrir, crear i inventar&#8230; la setmana passada tot l&#8217;alumnat ha participat en una nova activitat interdisciplin\u00e0ria. L&#8217;objectiu ha estat construir un rellotge solar com en temps de l&#8217;antiguitat, quan aquest era l&#8217;\u00fanic rellotge que existia i aix\u00ed poder ser m\u00e9s conscient del gran canvi i milloria que ha fet fins a l&#8217;actualitat, amb l&#8217;\u00fas dels rellotge intel\u00b7ligents. A m\u00e9s a m\u00e9s hem posat en pr\u00e0ctica part del curr\u00edculum de medi de l&#8217;alumnat de CI i Infantil que estan descobrint l&#8217;Univers, i aix\u00ed poder entendre millor el moviment de rotaci\u00f3 de la Terra.<\/span><\/p>\n<p><span style=\"font-weight: 400;\">Per dur a terme aquest experiment, hem seguit unes instruccions que ens han perm\u00e8s crear un rellotge solar funcional:<\/span><\/p>\n<ul>\n<li style=\"font-weight: 400;\" aria-level=\"1\"><span style=\"font-weight: 400;\">Dibuixar un semicercle amb un transportador d\u2019angles<\/span><\/li>\n<li style=\"font-weight: 400;\" aria-level=\"1\"><span style=\"font-weight: 400;\">Crear el triangle del rellotge solar<\/span><\/li>\n<li style=\"font-weight: 400;\" aria-level=\"1\"><span style=\"font-weight: 400;\">Muntar el rellotge solar<\/span><\/li>\n<li style=\"font-weight: 400;\" aria-level=\"1\"><span style=\"font-weight: 400;\">Orientaci\u00f3 i prova del rellotge:<\/span><b><br \/>\n<\/b><span style=\"font-weight: 400;\">Hem orientat el rellotge solar cap al sud. Al migdia, aprofitant el dia de sol, hem observat com l&#8217;ombra del triangle marcava una hora concreta al semicercle.\u00a0<\/span><\/li>\n<\/ul>\n<p><span style=\"font-weight: 400;\">Els alumnes han gaudit molt d\u2019aquesta activitat, que no nom\u00e9s ha estat educativa, sin\u00f3 tamb\u00e9 molt creativa. <\/span><\/p>\n<p><span style=\"font-weight: 400;\">Cliqueu la imatge i en podreu veure el proc\u00e9s.<\/span><\/p>\n<p><a href=\"https:\/\/photos.app.goo.gl\/DU9LVa9JfWLxzqPc7\"><img loading=\"lazy\" decoding=\"async\" class=\"aligncenter\" src=\"https:\/\/agora.xtec.cat\/zer-pedrera\/wp-content\/uploads\/usu1473\/2025\/01\/portada-rellotge-sol.jpg\" width=\"110\" height=\"78\" \/><\/a><\/p>\n<p>&nbsp;<\/p>\n<p>&nbsp;<\/p>\n<p>&nbsp;<\/p>\n<p>&nbsp;<\/p>\n","protected":false},"excerpt":{"rendered":"<p>A la franja de l&#8217;hora d&#8217;experiments on tota l&#8217;escola ens unim per descobrir, crear i inventar&#8230; la setmana passada tot l&#8217;alumnat ha participat en una nova activitat interdisciplin\u00e0ria. L&#8217;objectiu ha estat construir un rellotge solar com en temps de l&#8217;antiguitat, quan aquest era l&#8217;\u00fanic rellotge&hellip;  <a href=\"https:\/\/agora.xtec.cat\/zer-pedrera\/general\/construim-un-rellotge-de-sol-alumnat-escola-porcel-de-cervera\/\" title=\"Read Constru\u00efm un rellotge de sol. Alumnat escola Porcel de Cervera.\">Llegeix m\u00e9s\u00bb<\/a><\/p>\n","protected":false},"author":1,"featured_media":9057,"comment_status":"open","ping_status":"closed","sticky":false,"template":"","format":"standard","meta":{"_bbp_topic_count":0,"_bbp_reply_count":0,"_bbp_total_topic_count":0,"_bbp_total_reply_count":0,"_bbp_voice_count":0,"_bbp_anonymous_reply_count":0,"_bbp_topic_count_hidden":0,"_bbp_reply_count_hidden":0,"_bbp_forum_subforum_count":0,"footnotes":""},"categories":[113,111,1,29,89],"tags":[],"class_list":["post-9038","post","type-post","status-publish","format-standard","has-post-thumbnail","hentry","category-e-infantil","category-escola-porcel-de-cervera","category-general","category-portada","category-primaria"],"post_mailing_queue_ids":[],"_links":{"self":[{"href":"https:\/\/agora.xtec.cat\/zer-pedrera\/wp-json\/wp\/v2\/posts\/9038","targetHints":{"allow":["GET"]}}],"collection":[{"href":"https:\/\/agora.xtec.cat\/zer-pedrera\/wp-json\/wp\/v2\/posts"}],"about":[{"href":"https:\/\/agora.xtec.cat\/zer-pedrera\/wp-json\/wp\/v2\/types\/post"}],"author":[{"embeddable":true,"href":"https:\/\/agora.xtec.cat\/zer-pedrera\/wp-json\/wp\/v2\/users\/1"}],"replies":[{"embeddable":true,"href":"https:\/\/agora.xtec.cat\/zer-pedrera\/wp-json\/wp\/v2\/comments?post=9038"}],"version-history":[{"count":2,"href":"https:\/\/agora.xtec.cat\/zer-pedrera\/wp-json\/wp\/v2\/posts\/9038\/revisions"}],"predecessor-version":[{"id":9058,"href":"https:\/\/agora.xtec.cat\/zer-pedrera\/wp-json\/wp\/v2\/posts\/9038\/revisions\/9058"}],"wp:featuredmedia":[{"embeddable":true,"href":"https:\/\/agora.xtec.cat\/zer-pedrera\/wp-json\/wp\/v2\/media\/9057"}],"wp:attachment":[{"href":"https:\/\/agora.xtec.cat\/zer-pedrera\/wp-json\/wp\/v2\/media?parent=9038"}],"wp:term":[{"taxonomy":"category","embeddable":true,"href":"https:\/\/agora.xtec.cat\/zer-pedrera\/wp-json\/wp\/v2\/categories?post=9038"},{"taxonomy":"post_tag","embeddable":true,"href":"https:\/\/agora.xtec.cat\/zer-pedrera\/wp-json\/wp\/v2\/tags?post=9038"}],"curies":[{"name":"wp","href":"https:\/\/api.w.org\/{rel}","templated":true}]}}