{"id":9027,"date":"2025-01-31T12:46:47","date_gmt":"2025-01-31T11:46:47","guid":{"rendered":"https:\/\/agora.xtec.cat\/zer-pedrera\/?p=9027"},"modified":"2025-01-31T12:46:47","modified_gmt":"2025-01-31T11:46:47","slug":"cm-cs-de-lescola-abat-ruera-la-pau-al-mon","status":"publish","type":"post","link":"https:\/\/agora.xtec.cat\/zer-pedrera\/general\/cm-cs-de-lescola-abat-ruera-la-pau-al-mon\/","title":{"rendered":"CM\/CS de l&#8217;escola Abat Ruera. LA PAU al m\u00f3n"},"content":{"rendered":"<p>Ahir, 30 de gener, en el Dia Mundial de la No-viol\u00e8ncia i la Pau, els nostres alumnes volgueren sensibilitzar-se i crear un impacte visual sobra la import\u00e0ncia de la pau, la toler\u00e0ncia i l&#8217;harmonia. Cada infant va escollir un color de pell, va calcar la seva m\u00e0 i a dintre d&#8217;aquesta va poder expressar-se les seves idees, sentiments i emocions que li permet sentir en pensar en la Pau.<\/p>\n<p>A banda d&#8217;aix\u00f2, els estudiants, \u00e9s gran del col.legi tamb\u00e9 volgueren crear un cartell abstracte sent el tema principal LA PAU.<\/p>\n<p><a href=\"https:\/\/photos.app.goo.gl\/qUQghMYB5xfYP57Z8\" target=\"_blank\" rel=\"noopener\"><img loading=\"lazy\" decoding=\"async\" class=\"alignnone size-full wp-image-9028\" src=\"https:\/\/agora.xtec.cat\/zer-pedrera\/wp-content\/uploads\/usu1473\/2025\/01\/IMG-20250131-WA0032.jpg\" alt=\"\" width=\"300\" height=\"144\" \/><\/a><\/p>\n<p>&nbsp;<\/p>\n","protected":false},"excerpt":{"rendered":"<p>Ahir, 30 de gener, en el Dia Mundial de la No-viol\u00e8ncia i la Pau, els nostres alumnes volgueren sensibilitzar-se i crear un impacte visual sobra la import\u00e0ncia de la pau, la toler\u00e0ncia i l&#8217;harmonia. Cada infant va escollir un color de pell, va calcar la&hellip;  <a href=\"https:\/\/agora.xtec.cat\/zer-pedrera\/general\/cm-cs-de-lescola-abat-ruera-la-pau-al-mon\/\" title=\"Read CM\/CS de l&#8217;escola Abat Ruera. LA PAU al m\u00f3n\">Llegeix m\u00e9s\u00bb<\/a><\/p>\n","protected":false},"author":1,"featured_media":9028,"comment_status":"open","ping_status":"closed","sticky":false,"template":"","format":"standard","meta":{"_bbp_topic_count":0,"_bbp_reply_count":0,"_bbp_total_topic_count":0,"_bbp_total_reply_count":0,"_bbp_voice_count":0,"_bbp_anonymous_reply_count":0,"_bbp_topic_count_hidden":0,"_bbp_reply_count_hidden":0,"_bbp_forum_subforum_count":0,"footnotes":""},"categories":[110,1,119,29,89,122],"tags":[],"class_list":["post-9027","post","type-post","status-publish","format-standard","has-post-thumbnail","hentry","category-escola-abat-ruera","category-general","category-plastica","category-portada","category-primaria","category-valors"],"post_mailing_queue_ids":[],"_links":{"self":[{"href":"https:\/\/agora.xtec.cat\/zer-pedrera\/wp-json\/wp\/v2\/posts\/9027","targetHints":{"allow":["GET"]}}],"collection":[{"href":"https:\/\/agora.xtec.cat\/zer-pedrera\/wp-json\/wp\/v2\/posts"}],"about":[{"href":"https:\/\/agora.xtec.cat\/zer-pedrera\/wp-json\/wp\/v2\/types\/post"}],"author":[{"embeddable":true,"href":"https:\/\/agora.xtec.cat\/zer-pedrera\/wp-json\/wp\/v2\/users\/1"}],"replies":[{"embeddable":true,"href":"https:\/\/agora.xtec.cat\/zer-pedrera\/wp-json\/wp\/v2\/comments?post=9027"}],"version-history":[{"count":1,"href":"https:\/\/agora.xtec.cat\/zer-pedrera\/wp-json\/wp\/v2\/posts\/9027\/revisions"}],"predecessor-version":[{"id":9029,"href":"https:\/\/agora.xtec.cat\/zer-pedrera\/wp-json\/wp\/v2\/posts\/9027\/revisions\/9029"}],"wp:featuredmedia":[{"embeddable":true,"href":"https:\/\/agora.xtec.cat\/zer-pedrera\/wp-json\/wp\/v2\/media\/9028"}],"wp:attachment":[{"href":"https:\/\/agora.xtec.cat\/zer-pedrera\/wp-json\/wp\/v2\/media?parent=9027"}],"wp:term":[{"taxonomy":"category","embeddable":true,"href":"https:\/\/agora.xtec.cat\/zer-pedrera\/wp-json\/wp\/v2\/categories?post=9027"},{"taxonomy":"post_tag","embeddable":true,"href":"https:\/\/agora.xtec.cat\/zer-pedrera\/wp-json\/wp\/v2\/tags?post=9027"}],"curies":[{"name":"wp","href":"https:\/\/api.w.org\/{rel}","templated":true}]}}