{"id":9012,"date":"2025-01-31T12:47:57","date_gmt":"2025-01-31T11:47:57","guid":{"rendered":"https:\/\/agora.xtec.cat\/zer-pedrera\/?p=9012"},"modified":"2025-01-31T12:47:57","modified_gmt":"2025-01-31T11:47:57","slug":"cm-de-lescola-abat-ruera-presenta-la-cova-de-la-prehistoria-a-ei-i-ci","status":"publish","type":"post","link":"https:\/\/agora.xtec.cat\/zer-pedrera\/general\/cm-de-lescola-abat-ruera-presenta-la-cova-de-la-prehistoria-a-ei-i-ci\/","title":{"rendered":"CM de l&#8217;escola Abat Ruera presenta la cova de la prehist\u00f2ria a EI i CI!"},"content":{"rendered":"<p>Els i les alumnes de CM s&#8217;han posat a la pell dels primitius per a transmetre el coneixement que han indagat anteriorment als i a les alumnes d&#8217;educaci\u00f3 Infantil i Cicle Inicial sobre la prehist\u00f2ria: com i on vivien, com s&#8217;alimentaven, com es vestien, quins invents es van crear, fa quants anys que va passar&#8230;<\/p>\n<p>Per fer-ho m\u00e9s emocionant, els i les alumnes de CM han creat diferents eines, aix\u00ed com una salutaci\u00f3, un llenguatge basat en sons i gestos, un ball i una can\u00e7\u00f3, s&#8217;han pintat les cares&#8230; D&#8217;aquesta manera, ha estat una experi\u00e8ncia molt vivencial perqu\u00e8 han intentat que els i les alumnes se sentin dintre d&#8217;aquesta etapa hist\u00f2rica per tal d&#8217;aprendre moltes curiositats!<\/p>\n<p><a href=\"https:\/\/photos.app.goo.gl\/biCfF8AcxnLi5LqJ9\" target=\"_blank\" rel=\"noopener\"><img loading=\"lazy\" decoding=\"async\" class=\"alignnone size-full wp-image-9014\" src=\"https:\/\/agora.xtec.cat\/zer-pedrera\/wp-content\/uploads\/usu1473\/2025\/01\/IMG-20250127-WA0055.jpg\" alt=\"\" width=\"300\" height=\"219\" \/><\/a><\/p>\n","protected":false},"excerpt":{"rendered":"<p>Els i les alumnes de CM s&#8217;han posat a la pell dels primitius per a transmetre el coneixement que han indagat anteriorment als i a les alumnes d&#8217;educaci\u00f3 Infantil i Cicle Inicial sobre la prehist\u00f2ria: com i on vivien, com s&#8217;alimentaven, com es vestien, quins&hellip;  <a href=\"https:\/\/agora.xtec.cat\/zer-pedrera\/general\/cm-de-lescola-abat-ruera-presenta-la-cova-de-la-prehistoria-a-ei-i-ci\/\" title=\"Read CM de l&#8217;escola Abat Ruera presenta la cova de la prehist\u00f2ria a EI i CI!\">Llegeix m\u00e9s\u00bb<\/a><\/p>\n","protected":false},"author":1,"featured_media":9014,"comment_status":"open","ping_status":"closed","sticky":false,"template":"","format":"standard","meta":{"_bbp_topic_count":0,"_bbp_reply_count":0,"_bbp_total_topic_count":0,"_bbp_total_reply_count":0,"_bbp_voice_count":0,"_bbp_anonymous_reply_count":0,"_bbp_topic_count_hidden":0,"_bbp_reply_count_hidden":0,"_bbp_forum_subforum_count":0,"footnotes":""},"categories":[113,110,1,116,29,89,120],"tags":[],"class_list":["post-9012","post","type-post","status-publish","format-standard","has-post-thumbnail","hentry","category-e-infantil","category-escola-abat-ruera","category-general","category-medi","category-portada","category-primaria","category-projectes"],"post_mailing_queue_ids":[],"_links":{"self":[{"href":"https:\/\/agora.xtec.cat\/zer-pedrera\/wp-json\/wp\/v2\/posts\/9012","targetHints":{"allow":["GET"]}}],"collection":[{"href":"https:\/\/agora.xtec.cat\/zer-pedrera\/wp-json\/wp\/v2\/posts"}],"about":[{"href":"https:\/\/agora.xtec.cat\/zer-pedrera\/wp-json\/wp\/v2\/types\/post"}],"author":[{"embeddable":true,"href":"https:\/\/agora.xtec.cat\/zer-pedrera\/wp-json\/wp\/v2\/users\/1"}],"replies":[{"embeddable":true,"href":"https:\/\/agora.xtec.cat\/zer-pedrera\/wp-json\/wp\/v2\/comments?post=9012"}],"version-history":[{"count":3,"href":"https:\/\/agora.xtec.cat\/zer-pedrera\/wp-json\/wp\/v2\/posts\/9012\/revisions"}],"predecessor-version":[{"id":9016,"href":"https:\/\/agora.xtec.cat\/zer-pedrera\/wp-json\/wp\/v2\/posts\/9012\/revisions\/9016"}],"wp:featuredmedia":[{"embeddable":true,"href":"https:\/\/agora.xtec.cat\/zer-pedrera\/wp-json\/wp\/v2\/media\/9014"}],"wp:attachment":[{"href":"https:\/\/agora.xtec.cat\/zer-pedrera\/wp-json\/wp\/v2\/media?parent=9012"}],"wp:term":[{"taxonomy":"category","embeddable":true,"href":"https:\/\/agora.xtec.cat\/zer-pedrera\/wp-json\/wp\/v2\/categories?post=9012"},{"taxonomy":"post_tag","embeddable":true,"href":"https:\/\/agora.xtec.cat\/zer-pedrera\/wp-json\/wp\/v2\/tags?post=9012"}],"curies":[{"name":"wp","href":"https:\/\/api.w.org\/{rel}","templated":true}]}}