{"id":9008,"date":"2025-02-07T09:41:21","date_gmt":"2025-02-07T08:41:21","guid":{"rendered":"https:\/\/agora.xtec.cat\/zer-pedrera\/?p=9008"},"modified":"2025-02-07T09:41:21","modified_gmt":"2025-02-07T08:41:21","slug":"cm-de-lescola-abat-ruera-una-mirada-al-passat","status":"publish","type":"post","link":"https:\/\/agora.xtec.cat\/zer-pedrera\/general\/cm-de-lescola-abat-ruera-una-mirada-al-passat\/","title":{"rendered":"CM de l&#8217;escola Abat Ruera. Una mirada al passat!"},"content":{"rendered":"<p>A Cicle Mitj\u00e0 avancem amb moltes ganes el nostre projecte de Gesti\u00f3 Aut\u00f2noma: &#8220;Una mirada al passat&#8221;. A m\u00e9s a m\u00e9s de con\u00e8ixer les diferents etapes hist\u00f2riques i endinsar-nos en cadascuna d&#8217;elles, tamb\u00e9 ha sortit l&#8217;inter\u00e8s per part dels i de les alumnes per con\u00e8ixer el seu passat familiar.<\/p>\n<p>Aix\u00ed doncs, gr\u00e0cies al treball de les fonts hist\u00f2riques, hem pogut compartir entre tots i totes diferents fonts que disposaven les fam\u00edlies sobre el passat: llibres per saber com era l&#8217;educaci\u00f3 abans, imatges en blanc i negre per veure com es vivia, joguines fetes de roba i llana, materials que s&#8217;utilitzaven per fer llum (ll\u00e0nties d&#8217;oli), pessetes, quaderns de l&#8217;escola d&#8217;abans, una col.lecci\u00f3 de segells&#8230;<\/p>\n<p>Gr\u00e0cies a tots aquests records i tresors familiars, hem pogut con\u00e8ixer millor com ha estat el passat de cada fam\u00edlia i hem reflexionat sobre la import\u00e0ncia de valorar el passat per poder valorar tamb\u00e9 el present. Aix\u00ed com la import\u00e0ncia de trobar moments de qualitat amb els nostres padrins i padrines perqu\u00e8 ens puguin explicar coses de la seva vida i aix\u00ed, tenir coneixement del notre propi passat.<\/p>\n<p><a href=\"https:\/\/photos.app.goo.gl\/XD5LWNHPHPKRdJMJA\" target=\"_blank\" rel=\"noopener\"><img loading=\"lazy\" decoding=\"async\" class=\"alignnone size-full wp-image-9010\" src=\"https:\/\/agora.xtec.cat\/zer-pedrera\/wp-content\/uploads\/usu1473\/2025\/01\/IMG-20250127-WA0041-copia.jpg\" alt=\"\" width=\"300\" height=\"212\" \/><\/a><\/p>\n<p>&nbsp;<\/p>\n","protected":false},"excerpt":{"rendered":"<p>A Cicle Mitj\u00e0 avancem amb moltes ganes el nostre projecte de Gesti\u00f3 Aut\u00f2noma: &#8220;Una mirada al passat&#8221;. A m\u00e9s a m\u00e9s de con\u00e8ixer les diferents etapes hist\u00f2riques i endinsar-nos en cadascuna d&#8217;elles, tamb\u00e9 ha sortit l&#8217;inter\u00e8s per part dels i de les alumnes per con\u00e8ixer&hellip;  <a href=\"https:\/\/agora.xtec.cat\/zer-pedrera\/general\/cm-de-lescola-abat-ruera-una-mirada-al-passat\/\" title=\"Read CM de l&#8217;escola Abat Ruera. Una mirada al passat!\">Llegeix m\u00e9s\u00bb<\/a><\/p>\n","protected":false},"author":1,"featured_media":9010,"comment_status":"open","ping_status":"closed","sticky":false,"template":"","format":"standard","meta":{"_bbp_topic_count":0,"_bbp_reply_count":0,"_bbp_total_topic_count":0,"_bbp_total_reply_count":0,"_bbp_voice_count":0,"_bbp_anonymous_reply_count":0,"_bbp_topic_count_hidden":0,"_bbp_reply_count_hidden":0,"_bbp_forum_subforum_count":0,"footnotes":""},"categories":[110,1,116,29,89,120],"tags":[],"class_list":["post-9008","post","type-post","status-publish","format-standard","has-post-thumbnail","hentry","category-escola-abat-ruera","category-general","category-medi","category-portada","category-primaria","category-projectes"],"post_mailing_queue_ids":[],"_links":{"self":[{"href":"https:\/\/agora.xtec.cat\/zer-pedrera\/wp-json\/wp\/v2\/posts\/9008","targetHints":{"allow":["GET"]}}],"collection":[{"href":"https:\/\/agora.xtec.cat\/zer-pedrera\/wp-json\/wp\/v2\/posts"}],"about":[{"href":"https:\/\/agora.xtec.cat\/zer-pedrera\/wp-json\/wp\/v2\/types\/post"}],"author":[{"embeddable":true,"href":"https:\/\/agora.xtec.cat\/zer-pedrera\/wp-json\/wp\/v2\/users\/1"}],"replies":[{"embeddable":true,"href":"https:\/\/agora.xtec.cat\/zer-pedrera\/wp-json\/wp\/v2\/comments?post=9008"}],"version-history":[{"count":2,"href":"https:\/\/agora.xtec.cat\/zer-pedrera\/wp-json\/wp\/v2\/posts\/9008\/revisions"}],"predecessor-version":[{"id":9011,"href":"https:\/\/agora.xtec.cat\/zer-pedrera\/wp-json\/wp\/v2\/posts\/9008\/revisions\/9011"}],"wp:featuredmedia":[{"embeddable":true,"href":"https:\/\/agora.xtec.cat\/zer-pedrera\/wp-json\/wp\/v2\/media\/9010"}],"wp:attachment":[{"href":"https:\/\/agora.xtec.cat\/zer-pedrera\/wp-json\/wp\/v2\/media?parent=9008"}],"wp:term":[{"taxonomy":"category","embeddable":true,"href":"https:\/\/agora.xtec.cat\/zer-pedrera\/wp-json\/wp\/v2\/categories?post=9008"},{"taxonomy":"post_tag","embeddable":true,"href":"https:\/\/agora.xtec.cat\/zer-pedrera\/wp-json\/wp\/v2\/tags?post=9008"}],"curies":[{"name":"wp","href":"https:\/\/api.w.org\/{rel}","templated":true}]}}