{"id":9003,"date":"2025-03-04T10:21:44","date_gmt":"2025-03-04T09:21:44","guid":{"rendered":"https:\/\/agora.xtec.cat\/zer-pedrera\/?p=9003"},"modified":"2025-03-04T10:21:44","modified_gmt":"2025-03-04T09:21:44","slug":"ci-de-lescola-abat-ruera-les-ombres-lluminoses","status":"publish","type":"post","link":"https:\/\/agora.xtec.cat\/zer-pedrera\/general\/ci-de-lescola-abat-ruera-les-ombres-lluminoses\/","title":{"rendered":"CI de l&#8217;escola Abat ruera. Les ombres lluminoses"},"content":{"rendered":"<p>Els alumnes de primer i segon de prim\u00e0ria han explorat el fascinant m\u00f3n de la llum i les ombres. Primer, han creat les seves pr\u00f2pies obres d&#8217;art dibuixant sobre el pl\u00e0stic. Despr\u00e9s, han pegat aquests dibuixos sobre els gots de pl\u00e0stic i, en una habitaci\u00f3 fosca, han utilitzat una llanterna per projectar les siluetes dels seus dibuixos a la paret. \u00c9s per aix\u00f2 que aquest experiment els ha perm\u00e8s observar el canvi de les ombres segons la posici\u00f3 de la llanterna, aix\u00ed com a desenvolupar la seva creativitat.<\/p>\n<p><a href=\"https:\/\/agora.xtec.cat\/zer-pedrera\/wp-content\/uploads\/usu1473\/2025\/01\/b1.png\"><img loading=\"lazy\" decoding=\"async\" class=\"alignnone size-full wp-image-9163\" src=\"https:\/\/agora.xtec.cat\/zer-pedrera\/wp-content\/uploads\/usu1473\/2025\/01\/b1.png\" alt=\"\" width=\"259\" height=\"194\" srcset=\"https:\/\/agora.xtec.cat\/zer-pedrera\/wp-content\/uploads\/usu1473\/2025\/01\/b1.png 259w, https:\/\/agora.xtec.cat\/zer-pedrera\/wp-content\/uploads\/usu1473\/2025\/01\/b1-200x150.png 200w\" sizes=\"auto, (max-width: 259px) 100vw, 259px\" \/><\/a><\/p>\n<p>&nbsp;<\/p>\n<p>&nbsp;<\/p>\n","protected":false},"excerpt":{"rendered":"<p>Els alumnes de primer i segon de prim\u00e0ria han explorat el fascinant m\u00f3n de la llum i les ombres. Primer, han creat les seves pr\u00f2pies obres d&#8217;art dibuixant sobre el pl\u00e0stic. Despr\u00e9s, han pegat aquests dibuixos sobre els gots de pl\u00e0stic i, en una habitaci\u00f3&hellip;  <a href=\"https:\/\/agora.xtec.cat\/zer-pedrera\/general\/ci-de-lescola-abat-ruera-les-ombres-lluminoses\/\" title=\"Read CI de l&#8217;escola Abat ruera. Les ombres lluminoses\">Llegeix m\u00e9s\u00bb<\/a><\/p>\n","protected":false},"author":1,"featured_media":9163,"comment_status":"open","ping_status":"closed","sticky":false,"template":"","format":"standard","meta":{"_bbp_topic_count":0,"_bbp_reply_count":0,"_bbp_total_topic_count":0,"_bbp_total_reply_count":0,"_bbp_voice_count":0,"_bbp_anonymous_reply_count":0,"_bbp_topic_count_hidden":0,"_bbp_reply_count_hidden":0,"_bbp_forum_subforum_count":0,"footnotes":""},"categories":[110,1,116,119,29,89,120],"tags":[],"class_list":["post-9003","post","type-post","status-publish","format-standard","has-post-thumbnail","hentry","category-escola-abat-ruera","category-general","category-medi","category-plastica","category-portada","category-primaria","category-projectes"],"post_mailing_queue_ids":[],"_links":{"self":[{"href":"https:\/\/agora.xtec.cat\/zer-pedrera\/wp-json\/wp\/v2\/posts\/9003","targetHints":{"allow":["GET"]}}],"collection":[{"href":"https:\/\/agora.xtec.cat\/zer-pedrera\/wp-json\/wp\/v2\/posts"}],"about":[{"href":"https:\/\/agora.xtec.cat\/zer-pedrera\/wp-json\/wp\/v2\/types\/post"}],"author":[{"embeddable":true,"href":"https:\/\/agora.xtec.cat\/zer-pedrera\/wp-json\/wp\/v2\/users\/1"}],"replies":[{"embeddable":true,"href":"https:\/\/agora.xtec.cat\/zer-pedrera\/wp-json\/wp\/v2\/comments?post=9003"}],"version-history":[{"count":2,"href":"https:\/\/agora.xtec.cat\/zer-pedrera\/wp-json\/wp\/v2\/posts\/9003\/revisions"}],"predecessor-version":[{"id":9164,"href":"https:\/\/agora.xtec.cat\/zer-pedrera\/wp-json\/wp\/v2\/posts\/9003\/revisions\/9164"}],"wp:featuredmedia":[{"embeddable":true,"href":"https:\/\/agora.xtec.cat\/zer-pedrera\/wp-json\/wp\/v2\/media\/9163"}],"wp:attachment":[{"href":"https:\/\/agora.xtec.cat\/zer-pedrera\/wp-json\/wp\/v2\/media?parent=9003"}],"wp:term":[{"taxonomy":"category","embeddable":true,"href":"https:\/\/agora.xtec.cat\/zer-pedrera\/wp-json\/wp\/v2\/categories?post=9003"},{"taxonomy":"post_tag","embeddable":true,"href":"https:\/\/agora.xtec.cat\/zer-pedrera\/wp-json\/wp\/v2\/tags?post=9003"}],"curies":[{"name":"wp","href":"https:\/\/api.w.org\/{rel}","templated":true}]}}