{"id":8997,"date":"2025-02-21T12:43:14","date_gmt":"2025-02-21T11:43:14","guid":{"rendered":"https:\/\/agora.xtec.cat\/zer-pedrera\/?p=8997"},"modified":"2025-02-21T12:43:14","modified_gmt":"2025-02-21T11:43:14","slug":"ei-de-lescola-abat-ruera-projecte-hivern","status":"publish","type":"post","link":"https:\/\/agora.xtec.cat\/zer-pedrera\/general\/ei-de-lescola-abat-ruera-projecte-hivern\/","title":{"rendered":"EI de l&#8217;escola Abat Ruera. Projecte hivern"},"content":{"rendered":"<p>Despr\u00e9s de les vacances de Nadal, l&#8217;alumnat de l&#8217;Escoleta ha iniciat el projecte de l&#8217;hivern. El seu treball els est\u00e0 permetent fer moltes activitats sensorials, a partir de diverses safates d&#8217;experimentaci\u00f3, les quals els han ajudat a con\u00e8ixer els colors d&#8217;aquesta estaci\u00f3.<\/p>\n<p>L&#8217;alumnat ha manipulat pompons, ha tenyit l&#8217;arr\u00f2s de cada color de l&#8217;hivern, han fet botelles sensorials i incl\u00fas han fet neu!<\/p>\n<p>Amb aquest projecte s&#8217;ho han passat genial. Ho voleu veure? Doncs cliqueu damunt de la imatge.<\/p>\n<p><a href=\"https:\/\/photos.app.goo.gl\/BQxoyJcPhm6fqrDXA\" target=\"_blank\" rel=\"noopener\"><img loading=\"lazy\" decoding=\"async\" class=\"alignnone size-full wp-image-8999\" src=\"https:\/\/agora.xtec.cat\/zer-pedrera\/wp-content\/uploads\/usu1473\/2025\/01\/IMG-20250120-WA0015.jpg\" alt=\"\" width=\"300\" height=\"188\" \/><\/a><\/p>\n","protected":false},"excerpt":{"rendered":"<p>Despr\u00e9s de les vacances de Nadal, l&#8217;alumnat de l&#8217;Escoleta ha iniciat el projecte de l&#8217;hivern. El seu treball els est\u00e0 permetent fer moltes activitats sensorials, a partir de diverses safates d&#8217;experimentaci\u00f3, les quals els han ajudat a con\u00e8ixer els colors d&#8217;aquesta estaci\u00f3.<br \/>\nL&#8217;alumnat ha manipulat pompons,&hellip;  <a href=\"https:\/\/agora.xtec.cat\/zer-pedrera\/general\/ei-de-lescola-abat-ruera-projecte-hivern\/\" title=\"Read EI de l&#8217;escola Abat Ruera. Projecte hivern\">Llegeix m\u00e9s\u00bb<\/a><\/p>\n","protected":false},"author":1,"featured_media":8999,"comment_status":"open","ping_status":"closed","sticky":false,"template":"","format":"standard","meta":{"_bbp_topic_count":0,"_bbp_reply_count":0,"_bbp_total_topic_count":0,"_bbp_total_reply_count":0,"_bbp_voice_count":0,"_bbp_anonymous_reply_count":0,"_bbp_topic_count_hidden":0,"_bbp_reply_count_hidden":0,"_bbp_forum_subforum_count":0,"footnotes":""},"categories":[113,110,1,116,29,120],"tags":[],"class_list":["post-8997","post","type-post","status-publish","format-standard","has-post-thumbnail","hentry","category-e-infantil","category-escola-abat-ruera","category-general","category-medi","category-portada","category-projectes"],"post_mailing_queue_ids":[],"_links":{"self":[{"href":"https:\/\/agora.xtec.cat\/zer-pedrera\/wp-json\/wp\/v2\/posts\/8997","targetHints":{"allow":["GET"]}}],"collection":[{"href":"https:\/\/agora.xtec.cat\/zer-pedrera\/wp-json\/wp\/v2\/posts"}],"about":[{"href":"https:\/\/agora.xtec.cat\/zer-pedrera\/wp-json\/wp\/v2\/types\/post"}],"author":[{"embeddable":true,"href":"https:\/\/agora.xtec.cat\/zer-pedrera\/wp-json\/wp\/v2\/users\/1"}],"replies":[{"embeddable":true,"href":"https:\/\/agora.xtec.cat\/zer-pedrera\/wp-json\/wp\/v2\/comments?post=8997"}],"version-history":[{"count":4,"href":"https:\/\/agora.xtec.cat\/zer-pedrera\/wp-json\/wp\/v2\/posts\/8997\/revisions"}],"predecessor-version":[{"id":9002,"href":"https:\/\/agora.xtec.cat\/zer-pedrera\/wp-json\/wp\/v2\/posts\/8997\/revisions\/9002"}],"wp:featuredmedia":[{"embeddable":true,"href":"https:\/\/agora.xtec.cat\/zer-pedrera\/wp-json\/wp\/v2\/media\/8999"}],"wp:attachment":[{"href":"https:\/\/agora.xtec.cat\/zer-pedrera\/wp-json\/wp\/v2\/media?parent=8997"}],"wp:term":[{"taxonomy":"category","embeddable":true,"href":"https:\/\/agora.xtec.cat\/zer-pedrera\/wp-json\/wp\/v2\/categories?post=8997"},{"taxonomy":"post_tag","embeddable":true,"href":"https:\/\/agora.xtec.cat\/zer-pedrera\/wp-json\/wp\/v2\/tags?post=8997"}],"curies":[{"name":"wp","href":"https:\/\/api.w.org\/{rel}","templated":true}]}}