{"id":8973,"date":"2025-02-07T09:40:51","date_gmt":"2025-02-07T08:40:51","guid":{"rendered":"https:\/\/agora.xtec.cat\/zer-pedrera\/?p=8973"},"modified":"2025-02-07T09:40:51","modified_gmt":"2025-02-07T08:40:51","slug":"ci-de-lescola-abat-ruera-explosio-de-colors","status":"publish","type":"post","link":"https:\/\/agora.xtec.cat\/zer-pedrera\/general\/ci-de-lescola-abat-ruera-explosio-de-colors\/","title":{"rendered":"CI de l&#8217;escola Abat Ruera. Explosi\u00f3 de colors"},"content":{"rendered":"<p>Els alumnes de Cicle Inicial hem treballat l&#8217;art abstracte mitjan\u00e7ant una t\u00e8cnica manipulativa amb bales i recipients, on els colors s&#8217;han mesclat i transformat en sorprenents patrons que ens han portat a un m\u00f3n ple d&#8217;imaginaci\u00f3 i creativitat, donant vida a obres \u00faniques i plenes d&#8217;energia.<\/p>\n<p>Despr\u00e9s de soltar tota la seva expressi\u00f3 en el paper, hem reflexionat i explorat les diferents representacions que li atribu\u00efm a cada quadre, sent cadascuna totalment diferent de l&#8217;anterior. Fet que ens ajuda a enfortir el pensament cr\u00edtic, la diversitat i l&#8217;autoestima.<\/p>\n<p><a href=\"https:\/\/agora.xtec.cat\/zer-pedrera\/wp-content\/uploads\/usu1473\/2025\/01\/IMG-20250123-WA0010.jpg\"><img loading=\"lazy\" decoding=\"async\" class=\"alignnone size-full wp-image-8975\" src=\"https:\/\/agora.xtec.cat\/zer-pedrera\/wp-content\/uploads\/usu1473\/2025\/01\/IMG-20250123-WA0010.jpg\" alt=\"\" width=\"300\" height=\"368\" srcset=\"https:\/\/agora.xtec.cat\/zer-pedrera\/wp-content\/uploads\/usu1473\/2025\/01\/IMG-20250123-WA0010.jpg 300w, https:\/\/agora.xtec.cat\/zer-pedrera\/wp-content\/uploads\/usu1473\/2025\/01\/IMG-20250123-WA0010-245x300.jpg 245w\" sizes=\"auto, (max-width: 300px) 100vw, 300px\" \/><\/a><\/p>\n<p>&nbsp;<\/p>\n","protected":false},"excerpt":{"rendered":"<p>Els alumnes de Cicle Inicial hem treballat l&#8217;art abstracte mitjan\u00e7ant una t\u00e8cnica manipulativa amb bales i recipients, on els colors s&#8217;han mesclat i transformat en sorprenents patrons que ens han portat a un m\u00f3n ple d&#8217;imaginaci\u00f3 i creativitat, donant vida a obres \u00faniques i plenes&hellip;  <a href=\"https:\/\/agora.xtec.cat\/zer-pedrera\/general\/ci-de-lescola-abat-ruera-explosio-de-colors\/\" title=\"Read CI de l&#8217;escola Abat Ruera. Explosi\u00f3 de colors\">Llegeix m\u00e9s\u00bb<\/a><\/p>\n","protected":false},"author":1,"featured_media":8975,"comment_status":"open","ping_status":"closed","sticky":false,"template":"","format":"standard","meta":{"_bbp_topic_count":0,"_bbp_reply_count":0,"_bbp_total_topic_count":0,"_bbp_total_reply_count":0,"_bbp_voice_count":0,"_bbp_anonymous_reply_count":0,"_bbp_topic_count_hidden":0,"_bbp_reply_count_hidden":0,"_bbp_forum_subforum_count":0,"footnotes":""},"categories":[110,1,119,29,89],"tags":[],"class_list":["post-8973","post","type-post","status-publish","format-standard","has-post-thumbnail","hentry","category-escola-abat-ruera","category-general","category-plastica","category-portada","category-primaria"],"post_mailing_queue_ids":[],"_links":{"self":[{"href":"https:\/\/agora.xtec.cat\/zer-pedrera\/wp-json\/wp\/v2\/posts\/8973","targetHints":{"allow":["GET"]}}],"collection":[{"href":"https:\/\/agora.xtec.cat\/zer-pedrera\/wp-json\/wp\/v2\/posts"}],"about":[{"href":"https:\/\/agora.xtec.cat\/zer-pedrera\/wp-json\/wp\/v2\/types\/post"}],"author":[{"embeddable":true,"href":"https:\/\/agora.xtec.cat\/zer-pedrera\/wp-json\/wp\/v2\/users\/1"}],"replies":[{"embeddable":true,"href":"https:\/\/agora.xtec.cat\/zer-pedrera\/wp-json\/wp\/v2\/comments?post=8973"}],"version-history":[{"count":2,"href":"https:\/\/agora.xtec.cat\/zer-pedrera\/wp-json\/wp\/v2\/posts\/8973\/revisions"}],"predecessor-version":[{"id":8976,"href":"https:\/\/agora.xtec.cat\/zer-pedrera\/wp-json\/wp\/v2\/posts\/8973\/revisions\/8976"}],"wp:featuredmedia":[{"embeddable":true,"href":"https:\/\/agora.xtec.cat\/zer-pedrera\/wp-json\/wp\/v2\/media\/8975"}],"wp:attachment":[{"href":"https:\/\/agora.xtec.cat\/zer-pedrera\/wp-json\/wp\/v2\/media?parent=8973"}],"wp:term":[{"taxonomy":"category","embeddable":true,"href":"https:\/\/agora.xtec.cat\/zer-pedrera\/wp-json\/wp\/v2\/categories?post=8973"},{"taxonomy":"post_tag","embeddable":true,"href":"https:\/\/agora.xtec.cat\/zer-pedrera\/wp-json\/wp\/v2\/tags?post=8973"}],"curies":[{"name":"wp","href":"https:\/\/api.w.org\/{rel}","templated":true}]}}