{"id":8960,"date":"2025-02-21T12:42:54","date_gmt":"2025-02-21T11:42:54","guid":{"rendered":"https:\/\/agora.xtec.cat\/zer-pedrera\/?p=8960"},"modified":"2025-02-21T12:42:54","modified_gmt":"2025-02-21T11:42:54","slug":"cm-cs-de-lescola-abat-ruera-lart-abstracte","status":"publish","type":"post","link":"https:\/\/agora.xtec.cat\/zer-pedrera\/general\/cm-cs-de-lescola-abat-ruera-lart-abstracte\/","title":{"rendered":"CM\/CS de l&#8217;escola Abat Ruera. L&#8217;art abstracte"},"content":{"rendered":"<p>En l&#8217;assignatura de pl\u00e0stica hem estat treballant l&#8217;art abstracte, un art que permet a l&#8217;alumnat expressar-se de forma lliure, fomentant la seva creativitat i potenciant la seva autoestima, ja que, s\u00f3n capa\u00e7os de valorar la seva capacitat creativa. Per a dur a terme aquesta activitat, se&#8217;ls proporciona una \u00e0mplia gamma de materials. A m\u00e9s, \u00e9s important destacar l&#8217;aprenentatge interdisciplinari, posar que l&#8217;art abstracte es pot connectar amb altres \u00e0rees del curr\u00edculum com s\u00f3n la ci\u00e8ncia o la literatura.<\/p>\n<p><a href=\"https:\/\/photos.app.goo.gl\/7wazRaYLRJ19eWq9A\" target=\"_blank\" rel=\"noopener\"><img loading=\"lazy\" decoding=\"async\" class=\"alignnone size-full wp-image-8962\" src=\"https:\/\/agora.xtec.cat\/zer-pedrera\/wp-content\/uploads\/usu1473\/2025\/01\/IMG-20250121-WA0038.jpg\" alt=\"\" width=\"300\" height=\"400\" srcset=\"https:\/\/agora.xtec.cat\/zer-pedrera\/wp-content\/uploads\/usu1473\/2025\/01\/IMG-20250121-WA0038.jpg 300w, https:\/\/agora.xtec.cat\/zer-pedrera\/wp-content\/uploads\/usu1473\/2025\/01\/IMG-20250121-WA0038-225x300.jpg 225w\" sizes=\"auto, (max-width: 300px) 100vw, 300px\" \/><\/a><\/p>\n","protected":false},"excerpt":{"rendered":"<p>En l&#8217;assignatura de pl\u00e0stica hem estat treballant l&#8217;art abstracte, un art que permet a l&#8217;alumnat expressar-se de forma lliure, fomentant la seva creativitat i potenciant la seva autoestima, ja que, s\u00f3n capa\u00e7os de valorar la seva capacitat creativa. Per a dur a terme aquesta activitat,&hellip;  <a href=\"https:\/\/agora.xtec.cat\/zer-pedrera\/general\/cm-cs-de-lescola-abat-ruera-lart-abstracte\/\" title=\"Read CM\/CS de l&#8217;escola Abat Ruera. L&#8217;art abstracte\">Llegeix m\u00e9s\u00bb<\/a><\/p>\n","protected":false},"author":1,"featured_media":8962,"comment_status":"open","ping_status":"closed","sticky":false,"template":"","format":"standard","meta":{"_bbp_topic_count":0,"_bbp_reply_count":0,"_bbp_total_topic_count":0,"_bbp_total_reply_count":0,"_bbp_voice_count":0,"_bbp_anonymous_reply_count":0,"_bbp_topic_count_hidden":0,"_bbp_reply_count_hidden":0,"_bbp_forum_subforum_count":0,"footnotes":""},"categories":[110,1,119,29,89],"tags":[],"class_list":["post-8960","post","type-post","status-publish","format-standard","has-post-thumbnail","hentry","category-escola-abat-ruera","category-general","category-plastica","category-portada","category-primaria"],"post_mailing_queue_ids":[],"_links":{"self":[{"href":"https:\/\/agora.xtec.cat\/zer-pedrera\/wp-json\/wp\/v2\/posts\/8960","targetHints":{"allow":["GET"]}}],"collection":[{"href":"https:\/\/agora.xtec.cat\/zer-pedrera\/wp-json\/wp\/v2\/posts"}],"about":[{"href":"https:\/\/agora.xtec.cat\/zer-pedrera\/wp-json\/wp\/v2\/types\/post"}],"author":[{"embeddable":true,"href":"https:\/\/agora.xtec.cat\/zer-pedrera\/wp-json\/wp\/v2\/users\/1"}],"replies":[{"embeddable":true,"href":"https:\/\/agora.xtec.cat\/zer-pedrera\/wp-json\/wp\/v2\/comments?post=8960"}],"version-history":[{"count":1,"href":"https:\/\/agora.xtec.cat\/zer-pedrera\/wp-json\/wp\/v2\/posts\/8960\/revisions"}],"predecessor-version":[{"id":8963,"href":"https:\/\/agora.xtec.cat\/zer-pedrera\/wp-json\/wp\/v2\/posts\/8960\/revisions\/8963"}],"wp:featuredmedia":[{"embeddable":true,"href":"https:\/\/agora.xtec.cat\/zer-pedrera\/wp-json\/wp\/v2\/media\/8962"}],"wp:attachment":[{"href":"https:\/\/agora.xtec.cat\/zer-pedrera\/wp-json\/wp\/v2\/media?parent=8960"}],"wp:term":[{"taxonomy":"category","embeddable":true,"href":"https:\/\/agora.xtec.cat\/zer-pedrera\/wp-json\/wp\/v2\/categories?post=8960"},{"taxonomy":"post_tag","embeddable":true,"href":"https:\/\/agora.xtec.cat\/zer-pedrera\/wp-json\/wp\/v2\/tags?post=8960"}],"curies":[{"name":"wp","href":"https:\/\/api.w.org\/{rel}","templated":true}]}}