{"id":8931,"date":"2025-02-07T09:38:01","date_gmt":"2025-02-07T08:38:01","guid":{"rendered":"https:\/\/agora.xtec.cat\/zer-pedrera\/?p=8931"},"modified":"2025-02-07T09:40:15","modified_gmt":"2025-02-07T08:40:15","slug":"ei-de-lescola-abat-ruera-que-passa-amb-laigua","status":"publish","type":"post","link":"https:\/\/agora.xtec.cat\/zer-pedrera\/general\/ei-de-lescola-abat-ruera-que-passa-amb-laigua\/","title":{"rendered":"EI de l&#8217;escola Abat Ruera. Qu\u00e8 passa amb l&#8217;aigua?"},"content":{"rendered":"<p data-pm-slice=\"1 1 []\">Aprofitant el projecte de l&#8217;hivern i la setmana dels barbuts, els infants de l&#8217;escoleta hem fet un experiment.<\/p>\n<p>Al mat\u00ed hem posat aigua calenta en un bol i l&#8217;hem deixat al pati de l&#8217;escola. A la tarda hem anat a buscar el bol i a partir d&#8217;aqu\u00ed han comen\u00e7at les hip\u00f2tesis; encara continuar\u00e0 calenta, hi ha menys o m\u00e9s aigua&#8230;<\/p>\n<p>Per complicar molt m\u00e9s les coses hem tornat a deixar el bol ple d&#8217;aigua tota la nit fora al pati. Uf! Qu\u00e8 haur\u00e0 passat?<\/p>\n<p>Per veure m\u00e9s fotografies nom\u00e9s cal clicar damunt de la imatge.<\/p>\n<p><a href=\"https:\/\/photos.app.goo.gl\/Lwcx7xB5Woe8Doti8\" target=\"_blank\" rel=\"noopener\"><img loading=\"lazy\" decoding=\"async\" class=\"alignnone size-full wp-image-8932\" src=\"https:\/\/agora.xtec.cat\/zer-pedrera\/wp-content\/uploads\/usu1473\/2025\/01\/IMG-20250116-WA0008.jpg\" alt=\"\" width=\"300\" height=\"225\" srcset=\"https:\/\/agora.xtec.cat\/zer-pedrera\/wp-content\/uploads\/usu1473\/2025\/01\/IMG-20250116-WA0008.jpg 300w, https:\/\/agora.xtec.cat\/zer-pedrera\/wp-content\/uploads\/usu1473\/2025\/01\/IMG-20250116-WA0008-200x150.jpg 200w\" sizes=\"auto, (max-width: 300px) 100vw, 300px\" \/><\/a><\/p>\n<p>&nbsp;<\/p>\n","protected":false},"excerpt":{"rendered":"<p>Aprofitant el projecte de l&#8217;hivern i la setmana dels barbuts, els infants de l&#8217;escoleta hem fet un experiment.<br \/>\nAl mat\u00ed hem posat aigua calenta en un bol i l&#8217;hem deixat al pati de l&#8217;escola. A la tarda hem anat a buscar el bol i a partir&hellip;  <a href=\"https:\/\/agora.xtec.cat\/zer-pedrera\/general\/ei-de-lescola-abat-ruera-que-passa-amb-laigua\/\" title=\"Read EI de l&#8217;escola Abat Ruera. Qu\u00e8 passa amb l&#8217;aigua?\">Llegeix m\u00e9s\u00bb<\/a><\/p>\n","protected":false},"author":1,"featured_media":8932,"comment_status":"open","ping_status":"closed","sticky":false,"template":"","format":"standard","meta":{"_bbp_topic_count":0,"_bbp_reply_count":0,"_bbp_total_topic_count":0,"_bbp_total_reply_count":0,"_bbp_voice_count":0,"_bbp_anonymous_reply_count":0,"_bbp_topic_count_hidden":0,"_bbp_reply_count_hidden":0,"_bbp_forum_subforum_count":0,"footnotes":""},"categories":[125,113,110,1,116,119,29,120],"tags":[],"class_list":["post-8931","post","type-post","status-publish","format-standard","has-post-thumbnail","hentry","category-catala","category-e-infantil","category-escola-abat-ruera","category-general","category-medi","category-plastica","category-portada","category-projectes"],"post_mailing_queue_ids":[],"_links":{"self":[{"href":"https:\/\/agora.xtec.cat\/zer-pedrera\/wp-json\/wp\/v2\/posts\/8931","targetHints":{"allow":["GET"]}}],"collection":[{"href":"https:\/\/agora.xtec.cat\/zer-pedrera\/wp-json\/wp\/v2\/posts"}],"about":[{"href":"https:\/\/agora.xtec.cat\/zer-pedrera\/wp-json\/wp\/v2\/types\/post"}],"author":[{"embeddable":true,"href":"https:\/\/agora.xtec.cat\/zer-pedrera\/wp-json\/wp\/v2\/users\/1"}],"replies":[{"embeddable":true,"href":"https:\/\/agora.xtec.cat\/zer-pedrera\/wp-json\/wp\/v2\/comments?post=8931"}],"version-history":[{"count":1,"href":"https:\/\/agora.xtec.cat\/zer-pedrera\/wp-json\/wp\/v2\/posts\/8931\/revisions"}],"predecessor-version":[{"id":8933,"href":"https:\/\/agora.xtec.cat\/zer-pedrera\/wp-json\/wp\/v2\/posts\/8931\/revisions\/8933"}],"wp:featuredmedia":[{"embeddable":true,"href":"https:\/\/agora.xtec.cat\/zer-pedrera\/wp-json\/wp\/v2\/media\/8932"}],"wp:attachment":[{"href":"https:\/\/agora.xtec.cat\/zer-pedrera\/wp-json\/wp\/v2\/media?parent=8931"}],"wp:term":[{"taxonomy":"category","embeddable":true,"href":"https:\/\/agora.xtec.cat\/zer-pedrera\/wp-json\/wp\/v2\/categories?post=8931"},{"taxonomy":"post_tag","embeddable":true,"href":"https:\/\/agora.xtec.cat\/zer-pedrera\/wp-json\/wp\/v2\/tags?post=8931"}],"curies":[{"name":"wp","href":"https:\/\/api.w.org\/{rel}","templated":true}]}}