{"id":8910,"date":"2025-01-24T09:34:41","date_gmt":"2025-01-24T08:34:41","guid":{"rendered":"https:\/\/agora.xtec.cat\/zer-pedrera\/?p=8910"},"modified":"2025-01-24T09:34:41","modified_gmt":"2025-01-24T08:34:41","slug":"ci-de-lescola-abat-ruera-colors-primaris-i-secundaris","status":"publish","type":"post","link":"https:\/\/agora.xtec.cat\/zer-pedrera\/general\/ci-de-lescola-abat-ruera-colors-primaris-i-secundaris\/","title":{"rendered":"CI de l&#8217;escola Abat Ruera. Colors primaris i secundaris"},"content":{"rendered":"<p>A l&#8217;aula de 1r i 2n de prim\u00e0ria hem dut a terme un experiment did\u00e0ctic per introduir els conceptes de colors primaris i secundaris mitjan\u00e7ant una activitat pr\u00e0ctica i visualment estimulant.<\/p>\n<p>L&#8217;experiment ha consistit a utilitzar tres gots transparents plens d&#8217;aigua als quals s&#8217;ha afegit pintura dels tres colors primaris (blau, groc i vermell). Paral.lelament, s&#8217;han disposat tres gots buits a alternats amb els quals contenien aigua acolorida.<\/p>\n<p>Mitjan\u00e7ant tires de paper de bany, s&#8217;ha establert una connexi\u00f3 entre els gots acolorits i els gots buits. Amb el pas del temps, l&#8217;aigua acolorida s&#8217;ha despla\u00e7at pel paper absorbent i s&#8217;ha barrejat en els gots buits. Aix\u00f2 ha donat lloc a la formaci\u00f3 dels colors secundaris (taronja, verd i violeta) en funci\u00f3 de les combinacions dels colors primaris adjacents.<\/p>\n<p>Amb tot, l&#8217;activitat permet percebre de manera clara com es generen els colors secundaris a partir dels primaris, facilitant la comprensi\u00f3 i la retenci\u00f3 dels conceptes gr\u00e0cies a l&#8217;observaci\u00f3 directa del proc\u00e9s.<\/p>\n<p><a href=\"https:\/\/agora.xtec.cat\/zer-pedrera\/wp-content\/uploads\/usu1473\/2025\/01\/IMG-20250108-WA0109.jpg\"><img loading=\"lazy\" decoding=\"async\" class=\"alignnone size-full wp-image-8914\" src=\"https:\/\/agora.xtec.cat\/zer-pedrera\/wp-content\/uploads\/usu1473\/2025\/01\/IMG-20250108-WA0109.jpg\" alt=\"\" width=\"300\" height=\"400\" srcset=\"https:\/\/agora.xtec.cat\/zer-pedrera\/wp-content\/uploads\/usu1473\/2025\/01\/IMG-20250108-WA0109.jpg 300w, https:\/\/agora.xtec.cat\/zer-pedrera\/wp-content\/uploads\/usu1473\/2025\/01\/IMG-20250108-WA0109-225x300.jpg 225w\" sizes=\"auto, (max-width: 300px) 100vw, 300px\" \/><\/a><\/p>\n","protected":false},"excerpt":{"rendered":"<p>A l&#8217;aula de 1r i 2n de prim\u00e0ria hem dut a terme un experiment did\u00e0ctic per introduir els conceptes de colors primaris i secundaris mitjan\u00e7ant una activitat pr\u00e0ctica i visualment estimulant.<br \/>\nL&#8217;experiment ha consistit a utilitzar tres gots transparents plens d&#8217;aigua als quals s&#8217;ha afegit pintura&hellip;  <a href=\"https:\/\/agora.xtec.cat\/zer-pedrera\/general\/ci-de-lescola-abat-ruera-colors-primaris-i-secundaris\/\" title=\"Read CI de l&#8217;escola Abat Ruera. Colors primaris i secundaris\">Llegeix m\u00e9s\u00bb<\/a><\/p>\n","protected":false},"author":1,"featured_media":8914,"comment_status":"open","ping_status":"closed","sticky":false,"template":"","format":"standard","meta":{"_bbp_topic_count":0,"_bbp_reply_count":0,"_bbp_total_topic_count":0,"_bbp_total_reply_count":0,"_bbp_voice_count":0,"_bbp_anonymous_reply_count":0,"_bbp_topic_count_hidden":0,"_bbp_reply_count_hidden":0,"_bbp_forum_subforum_count":0,"footnotes":""},"categories":[110,1,116,29,89],"tags":[],"class_list":["post-8910","post","type-post","status-publish","format-standard","has-post-thumbnail","hentry","category-escola-abat-ruera","category-general","category-medi","category-portada","category-primaria"],"post_mailing_queue_ids":[],"_links":{"self":[{"href":"https:\/\/agora.xtec.cat\/zer-pedrera\/wp-json\/wp\/v2\/posts\/8910","targetHints":{"allow":["GET"]}}],"collection":[{"href":"https:\/\/agora.xtec.cat\/zer-pedrera\/wp-json\/wp\/v2\/posts"}],"about":[{"href":"https:\/\/agora.xtec.cat\/zer-pedrera\/wp-json\/wp\/v2\/types\/post"}],"author":[{"embeddable":true,"href":"https:\/\/agora.xtec.cat\/zer-pedrera\/wp-json\/wp\/v2\/users\/1"}],"replies":[{"embeddable":true,"href":"https:\/\/agora.xtec.cat\/zer-pedrera\/wp-json\/wp\/v2\/comments?post=8910"}],"version-history":[{"count":4,"href":"https:\/\/agora.xtec.cat\/zer-pedrera\/wp-json\/wp\/v2\/posts\/8910\/revisions"}],"predecessor-version":[{"id":8915,"href":"https:\/\/agora.xtec.cat\/zer-pedrera\/wp-json\/wp\/v2\/posts\/8910\/revisions\/8915"}],"wp:featuredmedia":[{"embeddable":true,"href":"https:\/\/agora.xtec.cat\/zer-pedrera\/wp-json\/wp\/v2\/media\/8914"}],"wp:attachment":[{"href":"https:\/\/agora.xtec.cat\/zer-pedrera\/wp-json\/wp\/v2\/media?parent=8910"}],"wp:term":[{"taxonomy":"category","embeddable":true,"href":"https:\/\/agora.xtec.cat\/zer-pedrera\/wp-json\/wp\/v2\/categories?post=8910"},{"taxonomy":"post_tag","embeddable":true,"href":"https:\/\/agora.xtec.cat\/zer-pedrera\/wp-json\/wp\/v2\/tags?post=8910"}],"curies":[{"name":"wp","href":"https:\/\/api.w.org\/{rel}","templated":true}]}}