{"id":8819,"date":"2024-12-07T00:57:42","date_gmt":"2024-12-06T23:57:42","guid":{"rendered":"https:\/\/agora.xtec.cat\/zer-pedrera\/?p=8819"},"modified":"2024-12-07T00:57:42","modified_gmt":"2024-12-06T23:57:42","slug":"matematiques-funcionals-a-primaria-porcel-de-cervera","status":"publish","type":"post","link":"https:\/\/agora.xtec.cat\/zer-pedrera\/portada\/matematiques-funcionals-a-primaria-porcel-de-cervera\/","title":{"rendered":"Matem\u00e0tiques funcionals a prim\u00e0ria. Porcel de Cervera"},"content":{"rendered":"<p>En el marc de la sisena hora de matem\u00e0tiques funcionals, hem anat a la farm\u00e0cia del poble per abastir la nostra farmaciola de l&#8217;escola dels materials que ens feien falta. Vam fer el llistat d&#8217;all\u00f2 que ens feia falta, vam consultar els preus online i vam comparar amb el tiquet de compra.<br \/>\nTamb\u00e9 hem prove\u00eft els Wc de penjadors per a les tovalloletes d&#8217;\u00fas personal. Vam calcular el<br \/>\nnombre d&#8217;alumnes de l&#8217;escola i, tenint en compte que els penjadors anaven envasats en grups de tres,<br \/>\nvam calcular quants ens en feien falta. Posteriorment, es vam col\u00b7locar a les parets calculant l&#8217;espai que<br \/>\ncalia deixar entre ells.<br \/>\nFinalment, hem protegit els sabaters amb un pl\u00e0stic transparent per tal que no es degradi tan f\u00e0cilment.<br \/>\nTot calculant mesurant l&#8217;espai i traslladant les mesures al pl\u00e0stic transparent.<\/p>\n<p>Amb els cursos inferiors tamb\u00e9 dediquem estones a fer jocs de taula per activar l&#8217;estrat\u00e8gia i la l\u00f2gica, a utilitzar l&#8217;\u00e0bac i els regletes per fer c\u00e0lculs&#8230;<\/p>\n<p>En definitiva ens endinsem a les matem\u00e0tiques des d&#8217;una perspectiva m\u00e9s l\u00fadica i cient\u00edfica.<\/p>\n<p>Cliqueu enlla\u00e7 per veure algunes fotos d&#8217;aquests moments.<a href=\"https:\/\/photos.google.com\/u\/1\/album\/AF1QipN4Y3Ch1s-vyfzRtac32CeZxv-T4VXQHHbd9nSV\">https:\/\/photos.google.com\/u\/1\/album\/AF1QipN4Y3Ch1s-vyfzRtac32CeZxv-T4VXQHHbd9nSV<\/a><\/p>\n","protected":false},"excerpt":{"rendered":"<p>En el marc de la sisena hora de matem\u00e0tiques funcionals, hem anat a la farm\u00e0cia del poble per abastir la nostra farmaciola de l&#8217;escola dels materials que ens feien falta. Vam fer el llistat d&#8217;all\u00f2 que ens feia falta, vam consultar els preus online i&hellip;  <a href=\"https:\/\/agora.xtec.cat\/zer-pedrera\/portada\/matematiques-funcionals-a-primaria-porcel-de-cervera\/\" title=\"Read Matem\u00e0tiques funcionals a prim\u00e0ria. Porcel de Cervera\">Llegeix m\u00e9s\u00bb<\/a><\/p>\n","protected":false},"author":1,"featured_media":8821,"comment_status":"open","ping_status":"closed","sticky":false,"template":"","format":"standard","meta":{"_bbp_topic_count":0,"_bbp_reply_count":0,"_bbp_total_topic_count":0,"_bbp_total_reply_count":0,"_bbp_voice_count":0,"_bbp_anonymous_reply_count":0,"_bbp_topic_count_hidden":0,"_bbp_reply_count_hidden":0,"_bbp_forum_subforum_count":0,"footnotes":""},"categories":[111,29,89],"tags":[],"class_list":["post-8819","post","type-post","status-publish","format-standard","has-post-thumbnail","hentry","category-escola-porcel-de-cervera","category-portada","category-primaria"],"post_mailing_queue_ids":[],"_links":{"self":[{"href":"https:\/\/agora.xtec.cat\/zer-pedrera\/wp-json\/wp\/v2\/posts\/8819","targetHints":{"allow":["GET"]}}],"collection":[{"href":"https:\/\/agora.xtec.cat\/zer-pedrera\/wp-json\/wp\/v2\/posts"}],"about":[{"href":"https:\/\/agora.xtec.cat\/zer-pedrera\/wp-json\/wp\/v2\/types\/post"}],"author":[{"embeddable":true,"href":"https:\/\/agora.xtec.cat\/zer-pedrera\/wp-json\/wp\/v2\/users\/1"}],"replies":[{"embeddable":true,"href":"https:\/\/agora.xtec.cat\/zer-pedrera\/wp-json\/wp\/v2\/comments?post=8819"}],"version-history":[{"count":2,"href":"https:\/\/agora.xtec.cat\/zer-pedrera\/wp-json\/wp\/v2\/posts\/8819\/revisions"}],"predecessor-version":[{"id":8822,"href":"https:\/\/agora.xtec.cat\/zer-pedrera\/wp-json\/wp\/v2\/posts\/8819\/revisions\/8822"}],"wp:featuredmedia":[{"embeddable":true,"href":"https:\/\/agora.xtec.cat\/zer-pedrera\/wp-json\/wp\/v2\/media\/8821"}],"wp:attachment":[{"href":"https:\/\/agora.xtec.cat\/zer-pedrera\/wp-json\/wp\/v2\/media?parent=8819"}],"wp:term":[{"taxonomy":"category","embeddable":true,"href":"https:\/\/agora.xtec.cat\/zer-pedrera\/wp-json\/wp\/v2\/categories?post=8819"},{"taxonomy":"post_tag","embeddable":true,"href":"https:\/\/agora.xtec.cat\/zer-pedrera\/wp-json\/wp\/v2\/tags?post=8819"}],"curies":[{"name":"wp","href":"https:\/\/api.w.org\/{rel}","templated":true}]}}