{"id":8815,"date":"2024-12-07T00:40:07","date_gmt":"2024-12-06T23:40:07","guid":{"rendered":"https:\/\/agora.xtec.cat\/zer-pedrera\/?p=8815"},"modified":"2024-12-07T00:41:11","modified_gmt":"2024-12-06T23:41:11","slug":"ha-arribat-el-tio-de-nadal-escola-porcel-de-cervera","status":"publish","type":"post","link":"https:\/\/agora.xtec.cat\/zer-pedrera\/general\/ha-arribat-el-tio-de-nadal-escola-porcel-de-cervera\/","title":{"rendered":"Ha arribat el ti\u00f3 de Nadal. Escola Porcel de Cervera"},"content":{"rendered":"<p style=\"text-align: left;\">El Ti\u00f3 ha arribat a l&#8217;escola i ens ha portat una carta. En aquesta, ens deia que s&#8217;havia perdut perqu\u00e8 hi<br \/>\nhavia molta boira. Tamb\u00e9 ens descrivia el lloc on s&#8217;esperava.<br \/>\nA la tarda, abans de marxar, l&#8217;hem anat a buscar al parc del castell perqu\u00e8 pens\u00e0vem que estava all\u00e0.<br \/>\nDespr\u00e9s de buscar i buscar, no l&#8217;hem trobat i just quan ja comen\u00e7\u00e0vem a desil\u00b7lusionar-nos&#8230; hem entrat a l&#8217;escola i ens l&#8217;hem trobat all\u00ed al pati. Estava damunt de la botigueta nova esperant-nos! Ara ja el tenim\u00a0calent\u00f3 dins de l&#8217;escola.<a href=\"https:\/\/photos.google.com\/u\/1\/album\/AF1QipPvONRPZPFFwUGajw2FrTHbnZvrmUGigRDLB_9t\"><img loading=\"lazy\" decoding=\"async\" class=\"aligncenter\" src=\"https:\/\/agora.xtec.cat\/zer-pedrera\/wp-content\/uploads\/usu1473\/2024\/12\/portada-2.jpg\" width=\"65\" height=\"87\" \/><\/a><\/p>\n<p>&nbsp;<\/p>\n","protected":false},"excerpt":{"rendered":"<p>El Ti\u00f3 ha arribat a l&#8217;escola i ens ha portat una carta. En aquesta, ens deia que s&#8217;havia perdut perqu\u00e8 hi<br \/>\nhavia molta boira. Tamb\u00e9 ens descrivia el lloc on s&#8217;esperava.<br \/>\nA la tarda, abans de marxar, l&#8217;hem anat a buscar al parc del castell perqu\u00e8 pens\u00e0vem&hellip;  <a href=\"https:\/\/agora.xtec.cat\/zer-pedrera\/general\/ha-arribat-el-tio-de-nadal-escola-porcel-de-cervera\/\" title=\"Read Ha arribat el ti\u00f3 de Nadal. Escola Porcel de Cervera\">Llegeix m\u00e9s\u00bb<\/a><\/p>\n","protected":false},"author":1,"featured_media":8816,"comment_status":"open","ping_status":"closed","sticky":false,"template":"","format":"standard","meta":{"_bbp_topic_count":0,"_bbp_reply_count":0,"_bbp_total_topic_count":0,"_bbp_total_reply_count":0,"_bbp_voice_count":0,"_bbp_anonymous_reply_count":0,"_bbp_topic_count_hidden":0,"_bbp_reply_count_hidden":0,"_bbp_forum_subforum_count":0,"footnotes":""},"categories":[113,111,1,29,89],"tags":[],"class_list":["post-8815","post","type-post","status-publish","format-standard","has-post-thumbnail","hentry","category-e-infantil","category-escola-porcel-de-cervera","category-general","category-portada","category-primaria"],"post_mailing_queue_ids":[],"_links":{"self":[{"href":"https:\/\/agora.xtec.cat\/zer-pedrera\/wp-json\/wp\/v2\/posts\/8815","targetHints":{"allow":["GET"]}}],"collection":[{"href":"https:\/\/agora.xtec.cat\/zer-pedrera\/wp-json\/wp\/v2\/posts"}],"about":[{"href":"https:\/\/agora.xtec.cat\/zer-pedrera\/wp-json\/wp\/v2\/types\/post"}],"author":[{"embeddable":true,"href":"https:\/\/agora.xtec.cat\/zer-pedrera\/wp-json\/wp\/v2\/users\/1"}],"replies":[{"embeddable":true,"href":"https:\/\/agora.xtec.cat\/zer-pedrera\/wp-json\/wp\/v2\/comments?post=8815"}],"version-history":[{"count":2,"href":"https:\/\/agora.xtec.cat\/zer-pedrera\/wp-json\/wp\/v2\/posts\/8815\/revisions"}],"predecessor-version":[{"id":8818,"href":"https:\/\/agora.xtec.cat\/zer-pedrera\/wp-json\/wp\/v2\/posts\/8815\/revisions\/8818"}],"wp:featuredmedia":[{"embeddable":true,"href":"https:\/\/agora.xtec.cat\/zer-pedrera\/wp-json\/wp\/v2\/media\/8816"}],"wp:attachment":[{"href":"https:\/\/agora.xtec.cat\/zer-pedrera\/wp-json\/wp\/v2\/media?parent=8815"}],"wp:term":[{"taxonomy":"category","embeddable":true,"href":"https:\/\/agora.xtec.cat\/zer-pedrera\/wp-json\/wp\/v2\/categories?post=8815"},{"taxonomy":"post_tag","embeddable":true,"href":"https:\/\/agora.xtec.cat\/zer-pedrera\/wp-json\/wp\/v2\/tags?post=8815"}],"curies":[{"name":"wp","href":"https:\/\/api.w.org\/{rel}","templated":true}]}}