{"id":8794,"date":"2025-01-23T10:46:27","date_gmt":"2025-01-23T09:46:27","guid":{"rendered":"https:\/\/agora.xtec.cat\/zer-pedrera\/?p=8794"},"modified":"2025-01-23T12:23:10","modified_gmt":"2025-01-23T11:23:10","slug":"ci-de-lescola-abat-ruera-sambori-musical","status":"publish","type":"post","link":"https:\/\/agora.xtec.cat\/zer-pedrera\/general\/ci-de-lescola-abat-ruera-sambori-musical\/","title":{"rendered":"CI de l&#8217;escola Abat Ruera. Sambori musical"},"content":{"rendered":"<p>Els alumnes de primer i segon curs hem creat el nostre propi sambori musical. Amb aquesta activitat proporcionem una base pr\u00e0ctica que complementa l&#8217;aprenentatge te\u00f2ric, refor\u00e7ant els conceptes de les notes i l&#8217;escala musical. Per tant, cal ressaltar la import\u00e0ncia d&#8217;aquesta metodologia, la qual combina la m\u00fasica amb un estil d&#8217;aprenentatge actiu que ajuda els infants a cremar energia mentre segueixen el ritme.<\/p>\n<p>Per veure el v\u00eddeo de l&#8217;activitat clicar damunt de la imatge.<\/p>\n<p><a href=\"https:\/\/photos.app.goo.gl\/9z1rQJDNS7ojMDLy5\" target=\"_blank\" rel=\"noopener\"><img loading=\"lazy\" decoding=\"async\" class=\"alignnone size-full wp-image-8795\" src=\"https:\/\/agora.xtec.cat\/zer-pedrera\/wp-content\/uploads\/usu1473\/2024\/12\/IMG-20241202-WA0025.jpg\" alt=\"\" width=\"350\" height=\"467\" srcset=\"https:\/\/agora.xtec.cat\/zer-pedrera\/wp-content\/uploads\/usu1473\/2024\/12\/IMG-20241202-WA0025.jpg 350w, https:\/\/agora.xtec.cat\/zer-pedrera\/wp-content\/uploads\/usu1473\/2024\/12\/IMG-20241202-WA0025-225x300.jpg 225w\" sizes=\"auto, (max-width: 350px) 100vw, 350px\" \/><\/a><\/p>\n<p>&nbsp;<\/p>\n","protected":false},"excerpt":{"rendered":"<p>Els alumnes de primer i segon curs hem creat el nostre propi sambori musical. Amb aquesta activitat proporcionem una base pr\u00e0ctica que complementa l&#8217;aprenentatge te\u00f2ric, refor\u00e7ant els conceptes de les notes i l&#8217;escala musical. Per tant, cal ressaltar la import\u00e0ncia d&#8217;aquesta metodologia, la qual combina&hellip;  <a href=\"https:\/\/agora.xtec.cat\/zer-pedrera\/general\/ci-de-lescola-abat-ruera-sambori-musical\/\" title=\"Read CI de l&#8217;escola Abat Ruera. Sambori musical\">Llegeix m\u00e9s\u00bb<\/a><\/p>\n","protected":false},"author":1,"featured_media":8795,"comment_status":"open","ping_status":"closed","sticky":false,"template":"","format":"standard","meta":{"_bbp_topic_count":0,"_bbp_reply_count":0,"_bbp_total_topic_count":0,"_bbp_total_reply_count":0,"_bbp_voice_count":0,"_bbp_anonymous_reply_count":0,"_bbp_topic_count_hidden":0,"_bbp_reply_count_hidden":0,"_bbp_forum_subforum_count":0,"footnotes":""},"categories":[110,1,117,29,89],"tags":[],"class_list":["post-8794","post","type-post","status-publish","format-standard","has-post-thumbnail","hentry","category-escola-abat-ruera","category-general","category-musica","category-portada","category-primaria"],"post_mailing_queue_ids":[],"_links":{"self":[{"href":"https:\/\/agora.xtec.cat\/zer-pedrera\/wp-json\/wp\/v2\/posts\/8794","targetHints":{"allow":["GET"]}}],"collection":[{"href":"https:\/\/agora.xtec.cat\/zer-pedrera\/wp-json\/wp\/v2\/posts"}],"about":[{"href":"https:\/\/agora.xtec.cat\/zer-pedrera\/wp-json\/wp\/v2\/types\/post"}],"author":[{"embeddable":true,"href":"https:\/\/agora.xtec.cat\/zer-pedrera\/wp-json\/wp\/v2\/users\/1"}],"replies":[{"embeddable":true,"href":"https:\/\/agora.xtec.cat\/zer-pedrera\/wp-json\/wp\/v2\/comments?post=8794"}],"version-history":[{"count":1,"href":"https:\/\/agora.xtec.cat\/zer-pedrera\/wp-json\/wp\/v2\/posts\/8794\/revisions"}],"predecessor-version":[{"id":8796,"href":"https:\/\/agora.xtec.cat\/zer-pedrera\/wp-json\/wp\/v2\/posts\/8794\/revisions\/8796"}],"wp:featuredmedia":[{"embeddable":true,"href":"https:\/\/agora.xtec.cat\/zer-pedrera\/wp-json\/wp\/v2\/media\/8795"}],"wp:attachment":[{"href":"https:\/\/agora.xtec.cat\/zer-pedrera\/wp-json\/wp\/v2\/media?parent=8794"}],"wp:term":[{"taxonomy":"category","embeddable":true,"href":"https:\/\/agora.xtec.cat\/zer-pedrera\/wp-json\/wp\/v2\/categories?post=8794"},{"taxonomy":"post_tag","embeddable":true,"href":"https:\/\/agora.xtec.cat\/zer-pedrera\/wp-json\/wp\/v2\/tags?post=8794"}],"curies":[{"name":"wp","href":"https:\/\/api.w.org\/{rel}","templated":true}]}}