{"id":8788,"date":"2025-01-07T12:21:04","date_gmt":"2025-01-07T11:21:04","guid":{"rendered":"https:\/\/agora.xtec.cat\/zer-pedrera\/?p=8788"},"modified":"2025-01-07T12:21:04","modified_gmt":"2025-01-07T11:21:04","slug":"cm-cs-de-lescola-abat-ruera-treballem-amb-textures","status":"publish","type":"post","link":"https:\/\/agora.xtec.cat\/zer-pedrera\/general\/cm-cs-de-lescola-abat-ruera-treballem-amb-textures\/","title":{"rendered":"CM\/CS de l&#8217;escola Abat Ruera. Treballem amb textures"},"content":{"rendered":"<p>A l&#8217;\u00e0rea d&#8217;Educaci\u00f3 Pl\u00e0stica hem treballat amb textures basades en punts i l\u00ednies per transmetre moviment, llum i contrastos. Aquesta activitat exigeix precisi\u00f3 i control dels moviments de les mans i els dits afavorint a la destresa motriu del nostre alumnat. Tanmateix, permet als infants jugar amb les diferents composicions per crear i explorar nous dissenys originals.<\/p>\n<p>Per veure m\u00e9s fotografies clicar damunt de la imatge.<\/p>\n<p><a href=\"https:\/\/photos.app.goo.gl\/GCjqNDqG2emGGSev5\" target=\"_blank\" rel=\"noopener\"><img loading=\"lazy\" decoding=\"async\" class=\"alignnone size-full wp-image-8792\" src=\"https:\/\/agora.xtec.cat\/zer-pedrera\/wp-content\/uploads\/usu1473\/2024\/12\/IMG-20241202-WA0020.jpg\" alt=\"\" width=\"300\" height=\"400\" srcset=\"https:\/\/agora.xtec.cat\/zer-pedrera\/wp-content\/uploads\/usu1473\/2024\/12\/IMG-20241202-WA0020.jpg 300w, https:\/\/agora.xtec.cat\/zer-pedrera\/wp-content\/uploads\/usu1473\/2024\/12\/IMG-20241202-WA0020-225x300.jpg 225w\" sizes=\"auto, (max-width: 300px) 100vw, 300px\" \/><\/a><\/p>\n<p>&nbsp;<\/p>\n<p>&nbsp;<\/p>\n","protected":false},"excerpt":{"rendered":"<p>A l&#8217;\u00e0rea d&#8217;Educaci\u00f3 Pl\u00e0stica hem treballat amb textures basades en punts i l\u00ednies per transmetre moviment, llum i contrastos. Aquesta activitat exigeix precisi\u00f3 i control dels moviments de les mans i els dits afavorint a la destresa motriu del nostre alumnat. Tanmateix, permet als infants&hellip;  <a href=\"https:\/\/agora.xtec.cat\/zer-pedrera\/general\/cm-cs-de-lescola-abat-ruera-treballem-amb-textures\/\" title=\"Read CM\/CS de l&#8217;escola Abat Ruera. Treballem amb textures\">Llegeix m\u00e9s\u00bb<\/a><\/p>\n","protected":false},"author":1,"featured_media":8792,"comment_status":"open","ping_status":"closed","sticky":false,"template":"","format":"standard","meta":{"_bbp_topic_count":0,"_bbp_reply_count":0,"_bbp_total_topic_count":0,"_bbp_total_reply_count":0,"_bbp_voice_count":0,"_bbp_anonymous_reply_count":0,"_bbp_topic_count_hidden":0,"_bbp_reply_count_hidden":0,"_bbp_forum_subforum_count":0,"footnotes":""},"categories":[113,110,1,119,29,89],"tags":[],"class_list":["post-8788","post","type-post","status-publish","format-standard","has-post-thumbnail","hentry","category-e-infantil","category-escola-abat-ruera","category-general","category-plastica","category-portada","category-primaria"],"post_mailing_queue_ids":[],"_links":{"self":[{"href":"https:\/\/agora.xtec.cat\/zer-pedrera\/wp-json\/wp\/v2\/posts\/8788","targetHints":{"allow":["GET"]}}],"collection":[{"href":"https:\/\/agora.xtec.cat\/zer-pedrera\/wp-json\/wp\/v2\/posts"}],"about":[{"href":"https:\/\/agora.xtec.cat\/zer-pedrera\/wp-json\/wp\/v2\/types\/post"}],"author":[{"embeddable":true,"href":"https:\/\/agora.xtec.cat\/zer-pedrera\/wp-json\/wp\/v2\/users\/1"}],"replies":[{"embeddable":true,"href":"https:\/\/agora.xtec.cat\/zer-pedrera\/wp-json\/wp\/v2\/comments?post=8788"}],"version-history":[{"count":4,"href":"https:\/\/agora.xtec.cat\/zer-pedrera\/wp-json\/wp\/v2\/posts\/8788\/revisions"}],"predecessor-version":[{"id":8793,"href":"https:\/\/agora.xtec.cat\/zer-pedrera\/wp-json\/wp\/v2\/posts\/8788\/revisions\/8793"}],"wp:featuredmedia":[{"embeddable":true,"href":"https:\/\/agora.xtec.cat\/zer-pedrera\/wp-json\/wp\/v2\/media\/8792"}],"wp:attachment":[{"href":"https:\/\/agora.xtec.cat\/zer-pedrera\/wp-json\/wp\/v2\/media?parent=8788"}],"wp:term":[{"taxonomy":"category","embeddable":true,"href":"https:\/\/agora.xtec.cat\/zer-pedrera\/wp-json\/wp\/v2\/categories?post=8788"},{"taxonomy":"post_tag","embeddable":true,"href":"https:\/\/agora.xtec.cat\/zer-pedrera\/wp-json\/wp\/v2\/tags?post=8788"}],"curies":[{"name":"wp","href":"https:\/\/api.w.org\/{rel}","templated":true}]}}