{"id":8769,"date":"2025-01-12T18:16:27","date_gmt":"2025-01-12T17:16:27","guid":{"rendered":"https:\/\/agora.xtec.cat\/zer-pedrera\/?p=8769"},"modified":"2025-01-12T18:16:27","modified_gmt":"2025-01-12T17:16:27","slug":"ci-de-lescola-abat-ruera-el-semafor-de-lalimentacio","status":"publish","type":"post","link":"https:\/\/agora.xtec.cat\/zer-pedrera\/general\/ci-de-lescola-abat-ruera-el-semafor-de-lalimentacio\/","title":{"rendered":"CI de l&#8217;escola Abat Ruera. El sem\u00e0for de l&#8217;alimentaci\u00f3"},"content":{"rendered":"<p>L&#8217;alumnat de CI han treballat els aliments saludables i no saludables mitjan\u00e7ant un sem\u00e0for, el qual han anomenat sem\u00e0for de l&#8217;alimentaci\u00f3. Els colors del sem\u00e0for ajuden f\u00e0cilment a identificar els aliments saludables (verd), a moderar-ne el consum (groc) i a evitar o evitar-ne l&#8217;exc\u00e9s (vermell).<\/p>\n<p>Aquest treball interdisciplinari que inclou conceptes de ci\u00e8ncies naturals, salut i educaci\u00f3 en valors; ajuda els infants a prendre consci\u00e8ncia de les seves eleccions aliment\u00e0ries de manera reflexiva i pr\u00e0ctica.<\/p>\n<p><a href=\"https:\/\/agora.xtec.cat\/zer-pedrera\/wp-content\/uploads\/usu1473\/2024\/12\/IMG-20241202-WA0026.jpg\"><img loading=\"lazy\" decoding=\"async\" class=\"alignnone size-full wp-image-8773\" src=\"https:\/\/agora.xtec.cat\/zer-pedrera\/wp-content\/uploads\/usu1473\/2024\/12\/IMG-20241202-WA0026.jpg\" alt=\"\" width=\"300\" height=\"538\" srcset=\"https:\/\/agora.xtec.cat\/zer-pedrera\/wp-content\/uploads\/usu1473\/2024\/12\/IMG-20241202-WA0026.jpg 300w, https:\/\/agora.xtec.cat\/zer-pedrera\/wp-content\/uploads\/usu1473\/2024\/12\/IMG-20241202-WA0026-167x300.jpg 167w\" sizes=\"auto, (max-width: 300px) 100vw, 300px\" \/><\/a><\/p>\n<p>&nbsp;<\/p>\n","protected":false},"excerpt":{"rendered":"<p>L&#8217;alumnat de CI han treballat els aliments saludables i no saludables mitjan\u00e7ant un sem\u00e0for, el qual han anomenat sem\u00e0for de l&#8217;alimentaci\u00f3. Els colors del sem\u00e0for ajuden f\u00e0cilment a identificar els aliments saludables (verd), a moderar-ne el consum (groc) i a evitar o evitar-ne l&#8217;exc\u00e9s (vermell).<br \/>\nAquest&hellip;  <a href=\"https:\/\/agora.xtec.cat\/zer-pedrera\/general\/ci-de-lescola-abat-ruera-el-semafor-de-lalimentacio\/\" title=\"Read CI de l&#8217;escola Abat Ruera. El sem\u00e0for de l&#8217;alimentaci\u00f3\">Llegeix m\u00e9s\u00bb<\/a><\/p>\n","protected":false},"author":1,"featured_media":8773,"comment_status":"open","ping_status":"closed","sticky":false,"template":"","format":"standard","meta":{"_bbp_topic_count":0,"_bbp_reply_count":0,"_bbp_total_topic_count":0,"_bbp_total_reply_count":0,"_bbp_voice_count":0,"_bbp_anonymous_reply_count":0,"_bbp_topic_count_hidden":0,"_bbp_reply_count_hidden":0,"_bbp_forum_subforum_count":0,"footnotes":""},"categories":[125,110,1,116,119,29,89],"tags":[],"class_list":["post-8769","post","type-post","status-publish","format-standard","has-post-thumbnail","hentry","category-catala","category-escola-abat-ruera","category-general","category-medi","category-plastica","category-portada","category-primaria"],"post_mailing_queue_ids":[],"_links":{"self":[{"href":"https:\/\/agora.xtec.cat\/zer-pedrera\/wp-json\/wp\/v2\/posts\/8769","targetHints":{"allow":["GET"]}}],"collection":[{"href":"https:\/\/agora.xtec.cat\/zer-pedrera\/wp-json\/wp\/v2\/posts"}],"about":[{"href":"https:\/\/agora.xtec.cat\/zer-pedrera\/wp-json\/wp\/v2\/types\/post"}],"author":[{"embeddable":true,"href":"https:\/\/agora.xtec.cat\/zer-pedrera\/wp-json\/wp\/v2\/users\/1"}],"replies":[{"embeddable":true,"href":"https:\/\/agora.xtec.cat\/zer-pedrera\/wp-json\/wp\/v2\/comments?post=8769"}],"version-history":[{"count":4,"href":"https:\/\/agora.xtec.cat\/zer-pedrera\/wp-json\/wp\/v2\/posts\/8769\/revisions"}],"predecessor-version":[{"id":8774,"href":"https:\/\/agora.xtec.cat\/zer-pedrera\/wp-json\/wp\/v2\/posts\/8769\/revisions\/8774"}],"wp:featuredmedia":[{"embeddable":true,"href":"https:\/\/agora.xtec.cat\/zer-pedrera\/wp-json\/wp\/v2\/media\/8773"}],"wp:attachment":[{"href":"https:\/\/agora.xtec.cat\/zer-pedrera\/wp-json\/wp\/v2\/media?parent=8769"}],"wp:term":[{"taxonomy":"category","embeddable":true,"href":"https:\/\/agora.xtec.cat\/zer-pedrera\/wp-json\/wp\/v2\/categories?post=8769"},{"taxonomy":"post_tag","embeddable":true,"href":"https:\/\/agora.xtec.cat\/zer-pedrera\/wp-json\/wp\/v2\/tags?post=8769"}],"curies":[{"name":"wp","href":"https:\/\/api.w.org\/{rel}","templated":true}]}}