{"id":8764,"date":"2024-12-03T15:42:52","date_gmt":"2024-12-03T14:42:52","guid":{"rendered":"https:\/\/agora.xtec.cat\/zer-pedrera\/?p=8764"},"modified":"2024-12-03T15:42:52","modified_gmt":"2024-12-03T14:42:52","slug":"setmana-de-la-ciencia-escola-porcel-de-cervera","status":"publish","type":"post","link":"https:\/\/agora.xtec.cat\/zer-pedrera\/general\/setmana-de-la-ciencia-escola-porcel-de-cervera\/","title":{"rendered":"Setmana de la Ci\u00e8ncia. Escola Porcel de Cervera."},"content":{"rendered":"<p>Com cada any, quan arriba la setmana de la ci\u00e8ncia, a tot l&#8217;alumnat ens encanta endinsar-nos en activitats per descobrir noves experi\u00e8ncies cient\u00edfiques. No cal dir que fomentar activitats de caire cient\u00edfic i d&#8217;investigaci\u00f3 per obrir la curiositat i l&#8217;esperit\u00ed cr\u00edtic i cient\u00edfic sempre \u00e9s una proposta que tenim present a l&#8217;escola. Per\u00f2 dedicar unes hores en concret durant aquesta setmana per recordar que des de ben petits tots i totes podem ser petits cient\u00edfics i cient\u00edfiques \u00e9s molt motivador. Aquest any a m\u00e9s a m\u00e9s encara ens ha engrescat m\u00e9s ja que est\u00e0 dins els marc la nostra programaci\u00f3 de gesti\u00f3 aut\u00f2noma i \u00e9s un tret d&#8217;identitat de la nostra ZER que volem perfilar amb el programa d&#8217;innovaci\u00f3 STEAM.<\/p>\n<p>Aquesta setmana l&#8217;hem dedicada per tant a seguir posant a prova la part pr\u00e0ctica i experimental dels invents que treballem a gesti\u00f3 aut\u00f2noma i medi. En concret hem apr\u00e8s a fer funcionar una bombeta amb llimona, a descobrir la import\u00e0ncia de rentar-se les dents cada dia, entre d&#8217;altres.<\/p>\n<p>&nbsp;<\/p>\n<p>Cliqueu per veure algunes fotos.<a href=\"https:\/\/photos.app.goo.gl\/iJDuA8nSTkvXW9Gi8\">https:\/\/photos.app.goo.gl\/iJDuA8nSTkvXW9Gi8<\/a><\/p>\n","protected":false},"excerpt":{"rendered":"<p>Com cada any, quan arriba la setmana de la ci\u00e8ncia, a tot l&#8217;alumnat ens encanta endinsar-nos en activitats per descobrir noves experi\u00e8ncies cient\u00edfiques. No cal dir que fomentar activitats de caire cient\u00edfic i d&#8217;investigaci\u00f3 per obrir la curiositat i l&#8217;esperit\u00ed cr\u00edtic i cient\u00edfic sempre \u00e9s&hellip;  <a href=\"https:\/\/agora.xtec.cat\/zer-pedrera\/general\/setmana-de-la-ciencia-escola-porcel-de-cervera\/\" title=\"Read Setmana de la Ci\u00e8ncia. Escola Porcel de Cervera.\">Llegeix m\u00e9s\u00bb<\/a><\/p>\n","protected":false},"author":1,"featured_media":8797,"comment_status":"open","ping_status":"closed","sticky":false,"template":"","format":"standard","meta":{"_bbp_topic_count":0,"_bbp_reply_count":0,"_bbp_total_topic_count":0,"_bbp_total_reply_count":0,"_bbp_voice_count":0,"_bbp_anonymous_reply_count":0,"_bbp_topic_count_hidden":0,"_bbp_reply_count_hidden":0,"_bbp_forum_subforum_count":0,"footnotes":""},"categories":[113,111,1,29,89],"tags":[],"class_list":["post-8764","post","type-post","status-publish","format-standard","has-post-thumbnail","hentry","category-e-infantil","category-escola-porcel-de-cervera","category-general","category-portada","category-primaria"],"post_mailing_queue_ids":[],"_links":{"self":[{"href":"https:\/\/agora.xtec.cat\/zer-pedrera\/wp-json\/wp\/v2\/posts\/8764","targetHints":{"allow":["GET"]}}],"collection":[{"href":"https:\/\/agora.xtec.cat\/zer-pedrera\/wp-json\/wp\/v2\/posts"}],"about":[{"href":"https:\/\/agora.xtec.cat\/zer-pedrera\/wp-json\/wp\/v2\/types\/post"}],"author":[{"embeddable":true,"href":"https:\/\/agora.xtec.cat\/zer-pedrera\/wp-json\/wp\/v2\/users\/1"}],"replies":[{"embeddable":true,"href":"https:\/\/agora.xtec.cat\/zer-pedrera\/wp-json\/wp\/v2\/comments?post=8764"}],"version-history":[{"count":3,"href":"https:\/\/agora.xtec.cat\/zer-pedrera\/wp-json\/wp\/v2\/posts\/8764\/revisions"}],"predecessor-version":[{"id":8798,"href":"https:\/\/agora.xtec.cat\/zer-pedrera\/wp-json\/wp\/v2\/posts\/8764\/revisions\/8798"}],"wp:featuredmedia":[{"embeddable":true,"href":"https:\/\/agora.xtec.cat\/zer-pedrera\/wp-json\/wp\/v2\/media\/8797"}],"wp:attachment":[{"href":"https:\/\/agora.xtec.cat\/zer-pedrera\/wp-json\/wp\/v2\/media?parent=8764"}],"wp:term":[{"taxonomy":"category","embeddable":true,"href":"https:\/\/agora.xtec.cat\/zer-pedrera\/wp-json\/wp\/v2\/categories?post=8764"},{"taxonomy":"post_tag","embeddable":true,"href":"https:\/\/agora.xtec.cat\/zer-pedrera\/wp-json\/wp\/v2\/tags?post=8764"}],"curies":[{"name":"wp","href":"https:\/\/api.w.org\/{rel}","templated":true}]}}