{"id":8753,"date":"2024-11-29T09:59:44","date_gmt":"2024-11-29T08:59:44","guid":{"rendered":"https:\/\/agora.xtec.cat\/zer-pedrera\/?p=8753"},"modified":"2024-11-29T09:59:44","modified_gmt":"2024-11-29T08:59:44","slug":"ei-de-lescola-abat-ruera-el-cotxe-patrulla-dels-mossos-desquadra","status":"publish","type":"post","link":"https:\/\/agora.xtec.cat\/zer-pedrera\/general\/ei-de-lescola-abat-ruera-el-cotxe-patrulla-dels-mossos-desquadra\/","title":{"rendered":"EI de l&#8217;escola Abat Ruera. El cotxe patrulla dels Mossos d&#8217;Esquadra"},"content":{"rendered":"<p>El divendres, dia 22 de novembre, els Mossos d\u2019Esquadra han vingut a l\u2019escola. L\u2019alumnat d\u2019Educaci\u00f3 Infantil han pogut gaudir d\u2019una activitat d\u2019all\u00f2 m\u00e9s divertida: con\u00e8ixer el cotxe de patrulla. Han pogut fer coses com asseure\u2019s als seients, sentir la sirena o vestir-se de mossos. Una experi\u00e8ncia que els ha encantat.<\/p>\n<p>Per veure m\u00e9s fotografies clicar damunt de la imatge.<\/p>\n<p><a href=\"https:\/\/photos.app.goo.gl\/ND9rEoES2PBJ3X2c7\" target=\"_blank\" rel=\"noopener\"><img loading=\"lazy\" decoding=\"async\" class=\"alignnone size-full wp-image-8755\" src=\"https:\/\/agora.xtec.cat\/zer-pedrera\/wp-content\/uploads\/usu1473\/2024\/11\/Coches-Mossos-dEsquadra-3.jpg\" alt=\"\" width=\"300\" height=\"200\" \/><\/a><\/p>\n","protected":false},"excerpt":{"rendered":"<p>El divendres, dia 22 de novembre, els Mossos d\u2019Esquadra han vingut a l\u2019escola. L\u2019alumnat d\u2019Educaci\u00f3 Infantil han pogut gaudir d\u2019una activitat d\u2019all\u00f2 m\u00e9s divertida: con\u00e8ixer el cotxe de patrulla. Han pogut fer coses com asseure\u2019s als seients, sentir la sirena o vestir-se de mossos. Una&hellip;  <a href=\"https:\/\/agora.xtec.cat\/zer-pedrera\/general\/ei-de-lescola-abat-ruera-el-cotxe-patrulla-dels-mossos-desquadra\/\" title=\"Read EI de l&#8217;escola Abat Ruera. El cotxe patrulla dels Mossos d&#8217;Esquadra\">Llegeix m\u00e9s\u00bb<\/a><\/p>\n","protected":false},"author":1,"featured_media":8755,"comment_status":"open","ping_status":"closed","sticky":false,"template":"","format":"standard","meta":{"_bbp_topic_count":0,"_bbp_reply_count":0,"_bbp_total_topic_count":0,"_bbp_total_reply_count":0,"_bbp_voice_count":0,"_bbp_anonymous_reply_count":0,"_bbp_topic_count_hidden":0,"_bbp_reply_count_hidden":0,"_bbp_forum_subforum_count":0,"footnotes":""},"categories":[113,110,1,116,29,120],"tags":[],"class_list":["post-8753","post","type-post","status-publish","format-standard","has-post-thumbnail","hentry","category-e-infantil","category-escola-abat-ruera","category-general","category-medi","category-portada","category-projectes"],"post_mailing_queue_ids":[],"_links":{"self":[{"href":"https:\/\/agora.xtec.cat\/zer-pedrera\/wp-json\/wp\/v2\/posts\/8753","targetHints":{"allow":["GET"]}}],"collection":[{"href":"https:\/\/agora.xtec.cat\/zer-pedrera\/wp-json\/wp\/v2\/posts"}],"about":[{"href":"https:\/\/agora.xtec.cat\/zer-pedrera\/wp-json\/wp\/v2\/types\/post"}],"author":[{"embeddable":true,"href":"https:\/\/agora.xtec.cat\/zer-pedrera\/wp-json\/wp\/v2\/users\/1"}],"replies":[{"embeddable":true,"href":"https:\/\/agora.xtec.cat\/zer-pedrera\/wp-json\/wp\/v2\/comments?post=8753"}],"version-history":[{"count":2,"href":"https:\/\/agora.xtec.cat\/zer-pedrera\/wp-json\/wp\/v2\/posts\/8753\/revisions"}],"predecessor-version":[{"id":8756,"href":"https:\/\/agora.xtec.cat\/zer-pedrera\/wp-json\/wp\/v2\/posts\/8753\/revisions\/8756"}],"wp:featuredmedia":[{"embeddable":true,"href":"https:\/\/agora.xtec.cat\/zer-pedrera\/wp-json\/wp\/v2\/media\/8755"}],"wp:attachment":[{"href":"https:\/\/agora.xtec.cat\/zer-pedrera\/wp-json\/wp\/v2\/media?parent=8753"}],"wp:term":[{"taxonomy":"category","embeddable":true,"href":"https:\/\/agora.xtec.cat\/zer-pedrera\/wp-json\/wp\/v2\/categories?post=8753"},{"taxonomy":"post_tag","embeddable":true,"href":"https:\/\/agora.xtec.cat\/zer-pedrera\/wp-json\/wp\/v2\/tags?post=8753"}],"curies":[{"name":"wp","href":"https:\/\/api.w.org\/{rel}","templated":true}]}}