{"id":8745,"date":"2025-01-17T09:12:39","date_gmt":"2025-01-17T08:12:39","guid":{"rendered":"https:\/\/agora.xtec.cat\/zer-pedrera\/?p=8745"},"modified":"2025-01-17T09:12:39","modified_gmt":"2025-01-17T08:12:39","slug":"ei-de-lescola-abat-ruera-descoberta-multisensorial","status":"publish","type":"post","link":"https:\/\/agora.xtec.cat\/zer-pedrera\/general\/ei-de-lescola-abat-ruera-descoberta-multisensorial\/","title":{"rendered":"EI de l&#8217;escola Abat Ruera. Descoberta multisensorial"},"content":{"rendered":"<p>Acabant amb les activitats de la tardor la proposta presentada \u00e9s de descoberta multisensorial. La idea \u00e9s reunir material l\u00fadic i escenificar-lo en forma de material sigui atractiu per als nens i nenes i, per tant, fomentar\u00e0 el descobriment i la manipulaci\u00f3. El simbolisme del joc i la imaginaci\u00f3 dels nens i nens us permetran afinar la seva comprensi\u00f3 i coneixement del m\u00f3n que l&#8217;envolta.<\/p>\n<p>Mireu, mireu quines creacions hem fet els infants d&#8217;Educaci\u00f3 Infantil!<\/p>\n<p><a href=\"https:\/\/photos.app.goo.gl\/3bBLDuDedzc8wrZFA\" target=\"_blank\" rel=\"noopener\"><img loading=\"lazy\" decoding=\"async\" class=\"alignnone size-full wp-image-8749\" src=\"https:\/\/agora.xtec.cat\/zer-pedrera\/wp-content\/uploads\/usu1473\/2024\/11\/IMG-20241125-WA0058.jpg\" alt=\"\" width=\"300\" height=\"225\" srcset=\"https:\/\/agora.xtec.cat\/zer-pedrera\/wp-content\/uploads\/usu1473\/2024\/11\/IMG-20241125-WA0058.jpg 300w, https:\/\/agora.xtec.cat\/zer-pedrera\/wp-content\/uploads\/usu1473\/2024\/11\/IMG-20241125-WA0058-200x150.jpg 200w\" sizes=\"auto, (max-width: 300px) 100vw, 300px\" \/><\/a><\/p>\n<p>&nbsp;<\/p>\n","protected":false},"excerpt":{"rendered":"<p>Acabant amb les activitats de la tardor la proposta presentada \u00e9s de descoberta multisensorial. La idea \u00e9s reunir material l\u00fadic i escenificar-lo en forma de material sigui atractiu per als nens i nenes i, per tant, fomentar\u00e0 el descobriment i la manipulaci\u00f3. El simbolisme del&hellip;  <a href=\"https:\/\/agora.xtec.cat\/zer-pedrera\/general\/ei-de-lescola-abat-ruera-descoberta-multisensorial\/\" title=\"Read EI de l&#8217;escola Abat Ruera. Descoberta multisensorial\">Llegeix m\u00e9s\u00bb<\/a><\/p>\n","protected":false},"author":1,"featured_media":8749,"comment_status":"open","ping_status":"closed","sticky":false,"template":"","format":"standard","meta":{"_bbp_topic_count":0,"_bbp_reply_count":0,"_bbp_total_topic_count":0,"_bbp_total_reply_count":0,"_bbp_voice_count":0,"_bbp_anonymous_reply_count":0,"_bbp_topic_count_hidden":0,"_bbp_reply_count_hidden":0,"_bbp_forum_subforum_count":0,"footnotes":""},"categories":[113,1,29,120],"tags":[],"class_list":["post-8745","post","type-post","status-publish","format-standard","has-post-thumbnail","hentry","category-e-infantil","category-general","category-portada","category-projectes"],"post_mailing_queue_ids":[],"_links":{"self":[{"href":"https:\/\/agora.xtec.cat\/zer-pedrera\/wp-json\/wp\/v2\/posts\/8745","targetHints":{"allow":["GET"]}}],"collection":[{"href":"https:\/\/agora.xtec.cat\/zer-pedrera\/wp-json\/wp\/v2\/posts"}],"about":[{"href":"https:\/\/agora.xtec.cat\/zer-pedrera\/wp-json\/wp\/v2\/types\/post"}],"author":[{"embeddable":true,"href":"https:\/\/agora.xtec.cat\/zer-pedrera\/wp-json\/wp\/v2\/users\/1"}],"replies":[{"embeddable":true,"href":"https:\/\/agora.xtec.cat\/zer-pedrera\/wp-json\/wp\/v2\/comments?post=8745"}],"version-history":[{"count":6,"href":"https:\/\/agora.xtec.cat\/zer-pedrera\/wp-json\/wp\/v2\/posts\/8745\/revisions"}],"predecessor-version":[{"id":8802,"href":"https:\/\/agora.xtec.cat\/zer-pedrera\/wp-json\/wp\/v2\/posts\/8745\/revisions\/8802"}],"wp:featuredmedia":[{"embeddable":true,"href":"https:\/\/agora.xtec.cat\/zer-pedrera\/wp-json\/wp\/v2\/media\/8749"}],"wp:attachment":[{"href":"https:\/\/agora.xtec.cat\/zer-pedrera\/wp-json\/wp\/v2\/media?parent=8745"}],"wp:term":[{"taxonomy":"category","embeddable":true,"href":"https:\/\/agora.xtec.cat\/zer-pedrera\/wp-json\/wp\/v2\/categories?post=8745"},{"taxonomy":"post_tag","embeddable":true,"href":"https:\/\/agora.xtec.cat\/zer-pedrera\/wp-json\/wp\/v2\/tags?post=8745"}],"curies":[{"name":"wp","href":"https:\/\/api.w.org\/{rel}","templated":true}]}}