{"id":8741,"date":"2024-12-04T09:25:32","date_gmt":"2024-12-04T08:25:32","guid":{"rendered":"https:\/\/agora.xtec.cat\/zer-pedrera\/?p=8741"},"modified":"2024-12-04T09:25:32","modified_gmt":"2024-12-04T08:25:32","slug":"ei-de-lescola-abat-ruera-el-conte-del-punxetes","status":"publish","type":"post","link":"https:\/\/agora.xtec.cat\/zer-pedrera\/general\/ei-de-lescola-abat-ruera-el-conte-del-punxetes\/","title":{"rendered":"EI de l&#8217;escola Abat Ruera. El conte del Punxetes"},"content":{"rendered":"<p>Els nens i nenes d&#8217;infantil compartim amb vosaltres un conte que ens ha agradat molt: &#8220;El Conte del Punxetes&#8221;. Aquest relat que ens ha portat l&#8217;\u00c8lia i la seva fam\u00edlia ens ha endinsat en un m\u00f3n ple d&#8217;aventures i personatges entranyables, on la tardor i en punxetes s\u00f3n els protagonistes.<\/p>\n<p>Per complementar la lectura del conte, hem fet una manualitat molt divertida! Hem pintat als punxetes amb forquilla i li hem posat un nas molt rodonet.<\/p>\n<p>Per veure m\u00e9s fotografies clicar damunt de la imatge:<\/p>\n<p><a href=\"https:\/\/photos.app.goo.gl\/ee5nuhKoFy4oRcRG8\" target=\"_blank\" rel=\"noopener\"><img loading=\"lazy\" decoding=\"async\" class=\"alignnone size-full wp-image-8743\" src=\"https:\/\/agora.xtec.cat\/zer-pedrera\/wp-content\/uploads\/usu1473\/2024\/11\/IMG-20241125-WA0103.jpg\" alt=\"\" width=\"300\" height=\"400\" srcset=\"https:\/\/agora.xtec.cat\/zer-pedrera\/wp-content\/uploads\/usu1473\/2024\/11\/IMG-20241125-WA0103.jpg 300w, https:\/\/agora.xtec.cat\/zer-pedrera\/wp-content\/uploads\/usu1473\/2024\/11\/IMG-20241125-WA0103-225x300.jpg 225w\" sizes=\"auto, (max-width: 300px) 100vw, 300px\" \/><\/a><\/p>\n<p>&nbsp;<\/p>\n<p>&nbsp;<\/p>\n","protected":false},"excerpt":{"rendered":"<p>Els nens i nenes d&#8217;infantil compartim amb vosaltres un conte que ens ha agradat molt: &#8220;El Conte del Punxetes&#8221;. Aquest relat que ens ha portat l&#8217;\u00c8lia i la seva fam\u00edlia ens ha endinsat en un m\u00f3n ple d&#8217;aventures i personatges entranyables, on la tardor i&hellip;  <a href=\"https:\/\/agora.xtec.cat\/zer-pedrera\/general\/ei-de-lescola-abat-ruera-el-conte-del-punxetes\/\" title=\"Read EI de l&#8217;escola Abat Ruera. El conte del Punxetes\">Llegeix m\u00e9s\u00bb<\/a><\/p>\n","protected":false},"author":1,"featured_media":8743,"comment_status":"open","ping_status":"closed","sticky":false,"template":"","format":"standard","meta":{"_bbp_topic_count":0,"_bbp_reply_count":0,"_bbp_total_topic_count":0,"_bbp_total_reply_count":0,"_bbp_voice_count":0,"_bbp_anonymous_reply_count":0,"_bbp_topic_count_hidden":0,"_bbp_reply_count_hidden":0,"_bbp_forum_subforum_count":0,"footnotes":""},"categories":[125,113,110,1,119,29],"tags":[],"class_list":["post-8741","post","type-post","status-publish","format-standard","has-post-thumbnail","hentry","category-catala","category-e-infantil","category-escola-abat-ruera","category-general","category-plastica","category-portada"],"post_mailing_queue_ids":[],"_links":{"self":[{"href":"https:\/\/agora.xtec.cat\/zer-pedrera\/wp-json\/wp\/v2\/posts\/8741","targetHints":{"allow":["GET"]}}],"collection":[{"href":"https:\/\/agora.xtec.cat\/zer-pedrera\/wp-json\/wp\/v2\/posts"}],"about":[{"href":"https:\/\/agora.xtec.cat\/zer-pedrera\/wp-json\/wp\/v2\/types\/post"}],"author":[{"embeddable":true,"href":"https:\/\/agora.xtec.cat\/zer-pedrera\/wp-json\/wp\/v2\/users\/1"}],"replies":[{"embeddable":true,"href":"https:\/\/agora.xtec.cat\/zer-pedrera\/wp-json\/wp\/v2\/comments?post=8741"}],"version-history":[{"count":2,"href":"https:\/\/agora.xtec.cat\/zer-pedrera\/wp-json\/wp\/v2\/posts\/8741\/revisions"}],"predecessor-version":[{"id":8744,"href":"https:\/\/agora.xtec.cat\/zer-pedrera\/wp-json\/wp\/v2\/posts\/8741\/revisions\/8744"}],"wp:featuredmedia":[{"embeddable":true,"href":"https:\/\/agora.xtec.cat\/zer-pedrera\/wp-json\/wp\/v2\/media\/8743"}],"wp:attachment":[{"href":"https:\/\/agora.xtec.cat\/zer-pedrera\/wp-json\/wp\/v2\/media?parent=8741"}],"wp:term":[{"taxonomy":"category","embeddable":true,"href":"https:\/\/agora.xtec.cat\/zer-pedrera\/wp-json\/wp\/v2\/categories?post=8741"},{"taxonomy":"post_tag","embeddable":true,"href":"https:\/\/agora.xtec.cat\/zer-pedrera\/wp-json\/wp\/v2\/tags?post=8741"}],"curies":[{"name":"wp","href":"https:\/\/api.w.org\/{rel}","templated":true}]}}