{"id":8724,"date":"2024-11-25T19:18:35","date_gmt":"2024-11-25T18:18:35","guid":{"rendered":"https:\/\/agora.xtec.cat\/zer-pedrera\/?p=8724"},"modified":"2024-11-25T19:18:35","modified_gmt":"2024-11-25T18:18:35","slug":"escola-abat-ruera-celebrem-el-25-de-novembre","status":"publish","type":"post","link":"https:\/\/agora.xtec.cat\/zer-pedrera\/general\/escola-abat-ruera-celebrem-el-25-de-novembre\/","title":{"rendered":"Escola Abat Ruera. Celebrem el 25 de novembre"},"content":{"rendered":"<p>Cada any, el\u00a0<strong>25 de novembre<\/strong> es commemora el Dia Internacional contra la Viol\u00e8ncia envers les Dones, una data marcada per lluitar contra les diverses formes de viol\u00e8ncia que pateixen les dones a tot el m\u00f3n. Des de l&#8217;escola Abat Ruera hem volgut celebrar aquest dia fent entre tots\/es un mural amb unes petjades pintades per defensar el lema &#8220;Ni un pas enrere&#8221;.<\/p>\n<p><a href=\"https:\/\/photos.app.goo.gl\/iu7UxR5SDsJ4cg79A\" target=\"_blank\" rel=\"noopener\"><img loading=\"lazy\" decoding=\"async\" class=\"alignnone size-full wp-image-8727\" src=\"https:\/\/agora.xtec.cat\/zer-pedrera\/wp-content\/uploads\/usu1473\/2024\/11\/IMG-20241125-WA0033.jpg\" alt=\"\" width=\"300\" height=\"191\" \/><\/a><\/p>\n","protected":false},"excerpt":{"rendered":"<p>Cada any, el\u00a025 de novembre es commemora el Dia Internacional contra la Viol\u00e8ncia envers les Dones, una data marcada per lluitar contra les diverses formes de viol\u00e8ncia que pateixen les dones a tot el m\u00f3n. Des de l&#8217;escola Abat Ruera hem volgut celebrar aquest dia&hellip;  <a href=\"https:\/\/agora.xtec.cat\/zer-pedrera\/general\/escola-abat-ruera-celebrem-el-25-de-novembre\/\" title=\"Read Escola Abat Ruera. Celebrem el 25 de novembre\">Llegeix m\u00e9s\u00bb<\/a><\/p>\n","protected":false},"author":1,"featured_media":8727,"comment_status":"open","ping_status":"closed","sticky":false,"template":"","format":"standard","meta":{"_bbp_topic_count":0,"_bbp_reply_count":0,"_bbp_total_topic_count":0,"_bbp_total_reply_count":0,"_bbp_voice_count":0,"_bbp_anonymous_reply_count":0,"_bbp_topic_count_hidden":0,"_bbp_reply_count_hidden":0,"_bbp_forum_subforum_count":0,"footnotes":""},"categories":[113,145,110,1,29,89,122],"tags":[],"class_list":["post-8724","post","type-post","status-publish","format-standard","has-post-thumbnail","hentry","category-e-infantil","category-educacio-en-valors","category-escola-abat-ruera","category-general","category-portada","category-primaria","category-valors"],"post_mailing_queue_ids":[],"_links":{"self":[{"href":"https:\/\/agora.xtec.cat\/zer-pedrera\/wp-json\/wp\/v2\/posts\/8724","targetHints":{"allow":["GET"]}}],"collection":[{"href":"https:\/\/agora.xtec.cat\/zer-pedrera\/wp-json\/wp\/v2\/posts"}],"about":[{"href":"https:\/\/agora.xtec.cat\/zer-pedrera\/wp-json\/wp\/v2\/types\/post"}],"author":[{"embeddable":true,"href":"https:\/\/agora.xtec.cat\/zer-pedrera\/wp-json\/wp\/v2\/users\/1"}],"replies":[{"embeddable":true,"href":"https:\/\/agora.xtec.cat\/zer-pedrera\/wp-json\/wp\/v2\/comments?post=8724"}],"version-history":[{"count":2,"href":"https:\/\/agora.xtec.cat\/zer-pedrera\/wp-json\/wp\/v2\/posts\/8724\/revisions"}],"predecessor-version":[{"id":8728,"href":"https:\/\/agora.xtec.cat\/zer-pedrera\/wp-json\/wp\/v2\/posts\/8724\/revisions\/8728"}],"wp:featuredmedia":[{"embeddable":true,"href":"https:\/\/agora.xtec.cat\/zer-pedrera\/wp-json\/wp\/v2\/media\/8727"}],"wp:attachment":[{"href":"https:\/\/agora.xtec.cat\/zer-pedrera\/wp-json\/wp\/v2\/media?parent=8724"}],"wp:term":[{"taxonomy":"category","embeddable":true,"href":"https:\/\/agora.xtec.cat\/zer-pedrera\/wp-json\/wp\/v2\/categories?post=8724"},{"taxonomy":"post_tag","embeddable":true,"href":"https:\/\/agora.xtec.cat\/zer-pedrera\/wp-json\/wp\/v2\/tags?post=8724"}],"curies":[{"name":"wp","href":"https:\/\/api.w.org\/{rel}","templated":true}]}}