{"id":8692,"date":"2024-11-29T10:00:48","date_gmt":"2024-11-29T09:00:48","guid":{"rendered":"https:\/\/agora.xtec.cat\/zer-pedrera\/?p=8692"},"modified":"2024-11-29T10:00:48","modified_gmt":"2024-11-29T09:00:48","slug":"cm-de-lescola-abat-ruera-ordenem-els-invents-en-un-eix-cronologic","status":"publish","type":"post","link":"https:\/\/agora.xtec.cat\/zer-pedrera\/general\/cm-de-lescola-abat-ruera-ordenem-els-invents-en-un-eix-cronologic\/","title":{"rendered":"CM de l&#8217;escola Abat Ruera. ORDENEM ELS INVENTS EN UN EIX CRONOL\u00d2GIC!"},"content":{"rendered":"<p>Durant el trimestre hem anat coneixent molts invents i inventors\/es. Hem fet un pas endavant: ordenar-los en el temps!<\/p>\n<p>Per fer-ho hem necessitat diverses sessions per con\u00e8ixer les diferents etapes de la hist\u00f2ria i els esdeveniments importants que les van marcar, els anys que les comprenen, els elements caracter\u00edstics de cadascuna&#8230; Despr\u00e9s vam poder situar els invents en el temps, fer-ne una petita explicaci\u00f3 i complementar-ho en un eix cronol\u00f2gic ben visual perqu\u00e8 tota l&#8217;escola tamb\u00e9 en pugui aprendre!<\/p>\n<p>Per veure m\u00e9s imatges clicar damunt de la fotografia.<\/p>\n<p><a href=\"https:\/\/photos.app.goo.gl\/YHyz1mNKXJ6MWdDg9\" target=\"_blank\" rel=\"noopener\"><img loading=\"lazy\" decoding=\"async\" class=\"alignnone size-full wp-image-8695\" src=\"https:\/\/agora.xtec.cat\/zer-pedrera\/wp-content\/uploads\/usu1473\/2024\/11\/IMG-20241121-WA0062.jpg\" alt=\"\" width=\"300\" height=\"225\" srcset=\"https:\/\/agora.xtec.cat\/zer-pedrera\/wp-content\/uploads\/usu1473\/2024\/11\/IMG-20241121-WA0062.jpg 300w, https:\/\/agora.xtec.cat\/zer-pedrera\/wp-content\/uploads\/usu1473\/2024\/11\/IMG-20241121-WA0062-200x150.jpg 200w\" sizes=\"auto, (max-width: 300px) 100vw, 300px\" \/><\/a><\/p>\n","protected":false},"excerpt":{"rendered":"<p>Durant el trimestre hem anat coneixent molts invents i inventors\/es. Hem fet un pas endavant: ordenar-los en el temps!<br \/>\nPer fer-ho hem necessitat diverses sessions per con\u00e8ixer les diferents etapes de la hist\u00f2ria i els esdeveniments importants que les van marcar, els anys que les comprenen,&hellip;  <a href=\"https:\/\/agora.xtec.cat\/zer-pedrera\/general\/cm-de-lescola-abat-ruera-ordenem-els-invents-en-un-eix-cronologic\/\" title=\"Read CM de l&#8217;escola Abat Ruera. ORDENEM ELS INVENTS EN UN EIX CRONOL\u00d2GIC!\">Llegeix m\u00e9s\u00bb<\/a><\/p>\n","protected":false},"author":1,"featured_media":8695,"comment_status":"open","ping_status":"closed","sticky":false,"template":"","format":"standard","meta":{"_bbp_topic_count":0,"_bbp_reply_count":0,"_bbp_total_topic_count":0,"_bbp_total_reply_count":0,"_bbp_voice_count":0,"_bbp_anonymous_reply_count":0,"_bbp_topic_count_hidden":0,"_bbp_reply_count_hidden":0,"_bbp_forum_subforum_count":0,"footnotes":""},"categories":[110,1,126,116,29,89,120],"tags":[],"class_list":["post-8692","post","type-post","status-publish","format-standard","has-post-thumbnail","hentry","category-escola-abat-ruera","category-general","category-matematiques","category-medi","category-portada","category-primaria","category-projectes"],"post_mailing_queue_ids":[],"_links":{"self":[{"href":"https:\/\/agora.xtec.cat\/zer-pedrera\/wp-json\/wp\/v2\/posts\/8692","targetHints":{"allow":["GET"]}}],"collection":[{"href":"https:\/\/agora.xtec.cat\/zer-pedrera\/wp-json\/wp\/v2\/posts"}],"about":[{"href":"https:\/\/agora.xtec.cat\/zer-pedrera\/wp-json\/wp\/v2\/types\/post"}],"author":[{"embeddable":true,"href":"https:\/\/agora.xtec.cat\/zer-pedrera\/wp-json\/wp\/v2\/users\/1"}],"replies":[{"embeddable":true,"href":"https:\/\/agora.xtec.cat\/zer-pedrera\/wp-json\/wp\/v2\/comments?post=8692"}],"version-history":[{"count":3,"href":"https:\/\/agora.xtec.cat\/zer-pedrera\/wp-json\/wp\/v2\/posts\/8692\/revisions"}],"predecessor-version":[{"id":8696,"href":"https:\/\/agora.xtec.cat\/zer-pedrera\/wp-json\/wp\/v2\/posts\/8692\/revisions\/8696"}],"wp:featuredmedia":[{"embeddable":true,"href":"https:\/\/agora.xtec.cat\/zer-pedrera\/wp-json\/wp\/v2\/media\/8695"}],"wp:attachment":[{"href":"https:\/\/agora.xtec.cat\/zer-pedrera\/wp-json\/wp\/v2\/media?parent=8692"}],"wp:term":[{"taxonomy":"category","embeddable":true,"href":"https:\/\/agora.xtec.cat\/zer-pedrera\/wp-json\/wp\/v2\/categories?post=8692"},{"taxonomy":"post_tag","embeddable":true,"href":"https:\/\/agora.xtec.cat\/zer-pedrera\/wp-json\/wp\/v2\/tags?post=8692"}],"curies":[{"name":"wp","href":"https:\/\/api.w.org\/{rel}","templated":true}]}}