{"id":8680,"date":"2024-11-22T09:31:24","date_gmt":"2024-11-22T08:31:24","guid":{"rendered":"https:\/\/agora.xtec.cat\/zer-pedrera\/?p=8680"},"modified":"2024-11-22T09:31:24","modified_gmt":"2024-11-22T08:31:24","slug":"setmana-de-la-ciencia-cicle-superior-escola-abat-ruera","status":"publish","type":"post","link":"https:\/\/agora.xtec.cat\/zer-pedrera\/general\/setmana-de-la-ciencia-cicle-superior-escola-abat-ruera\/","title":{"rendered":"Setmana de la ci\u00e8ncia. Cicle Superior escola Abat Ruera"},"content":{"rendered":"<p>Els i les alumnes de Cicle Superior de l&#8217;escola Abat Ruera, dins el marc de la setmana de la ci\u00e8ncia, hem fet activitats relacionades amb aquest camp.<\/p>\n<p>De fet, a Gesti\u00f3 Aut\u00f2noma, vam comen\u00e7ar a estudiar les m\u00e0quines simples i les m\u00e0quines complexes fins a endinsar-nos en l&#8217;estudi de la vida de diferents cient\u00edfics rellevants i de les aportacions que han fet en els seus respectius camps d&#8217;estudi o de treball. Aix\u00ed doncs, hem conegut b\u00e9 a Arqu\u00edmedes, a Leonardo da Vinci, a Marie Curie, a Thomas Edison i a Albert Einstein.<\/p>\n<p>Amb la informaci\u00f3 que vam cercar sobre aquests personatges i llurs aportacions, vam crear presentacions digitals que vam voler exposar davant tots i totes les alumnes d&#8217;Educaci\u00f3 Prim\u00e0ria de l&#8217;escola.<\/p>\n<p>Altrament, tamb\u00e9 vam construir dues maquetes de prototips de Leonardo da Vinci, un vaixell propulsat i una catapulta!<\/p>\n<p>Tot una experi\u00e8ncia, la nostra setmana de la ci\u00e8ncia!<\/p>\n<p><a href=\"https:\/\/agora.xtec.cat\/zer-pedrera\/wp-content\/uploads\/usu1473\/2024\/11\/Collage-de-Fotos-Verano-Aesthetic-Minimalista-Blanco.jpg\"><img loading=\"lazy\" decoding=\"async\" class=\"alignnone size-large wp-image-8690\" src=\"https:\/\/agora.xtec.cat\/zer-pedrera\/wp-content\/uploads\/usu1473\/2024\/11\/Collage-de-Fotos-Verano-Aesthetic-Minimalista-Blanco-682x1024.jpg\" alt=\"\" width=\"682\" height=\"1024\" srcset=\"https:\/\/agora.xtec.cat\/zer-pedrera\/wp-content\/uploads\/usu1473\/2024\/11\/Collage-de-Fotos-Verano-Aesthetic-Minimalista-Blanco-682x1024.jpg 682w, https:\/\/agora.xtec.cat\/zer-pedrera\/wp-content\/uploads\/usu1473\/2024\/11\/Collage-de-Fotos-Verano-Aesthetic-Minimalista-Blanco-200x300.jpg 200w, https:\/\/agora.xtec.cat\/zer-pedrera\/wp-content\/uploads\/usu1473\/2024\/11\/Collage-de-Fotos-Verano-Aesthetic-Minimalista-Blanco-768x1152.jpg 768w, https:\/\/agora.xtec.cat\/zer-pedrera\/wp-content\/uploads\/usu1473\/2024\/11\/Collage-de-Fotos-Verano-Aesthetic-Minimalista-Blanco-1024x1536.jpg 1024w, https:\/\/agora.xtec.cat\/zer-pedrera\/wp-content\/uploads\/usu1473\/2024\/11\/Collage-de-Fotos-Verano-Aesthetic-Minimalista-Blanco.jpg 1333w\" sizes=\"auto, (max-width: 682px) 100vw, 682px\" \/><\/a><\/p>\n","protected":false},"excerpt":{"rendered":"<p>Els i les alumnes de Cicle Superior de l&#8217;escola Abat Ruera, dins el marc de la setmana de la ci\u00e8ncia, hem fet activitats relacionades amb aquest camp.<br \/>\nDe fet, a Gesti\u00f3 Aut\u00f2noma, vam comen\u00e7ar a estudiar les m\u00e0quines simples i les m\u00e0quines complexes fins a endinsar-nos&hellip;  <a href=\"https:\/\/agora.xtec.cat\/zer-pedrera\/general\/setmana-de-la-ciencia-cicle-superior-escola-abat-ruera\/\" title=\"Read Setmana de la ci\u00e8ncia. Cicle Superior escola Abat Ruera\">Llegeix m\u00e9s\u00bb<\/a><\/p>\n","protected":false},"author":1,"featured_media":8690,"comment_status":"open","ping_status":"closed","sticky":false,"template":"","format":"standard","meta":{"_bbp_topic_count":0,"_bbp_reply_count":0,"_bbp_total_topic_count":0,"_bbp_total_reply_count":0,"_bbp_voice_count":0,"_bbp_anonymous_reply_count":0,"_bbp_topic_count_hidden":0,"_bbp_reply_count_hidden":0,"_bbp_forum_subforum_count":0,"footnotes":""},"categories":[110,1,116,29,89],"tags":[],"class_list":["post-8680","post","type-post","status-publish","format-standard","has-post-thumbnail","hentry","category-escola-abat-ruera","category-general","category-medi","category-portada","category-primaria"],"post_mailing_queue_ids":[],"_links":{"self":[{"href":"https:\/\/agora.xtec.cat\/zer-pedrera\/wp-json\/wp\/v2\/posts\/8680","targetHints":{"allow":["GET"]}}],"collection":[{"href":"https:\/\/agora.xtec.cat\/zer-pedrera\/wp-json\/wp\/v2\/posts"}],"about":[{"href":"https:\/\/agora.xtec.cat\/zer-pedrera\/wp-json\/wp\/v2\/types\/post"}],"author":[{"embeddable":true,"href":"https:\/\/agora.xtec.cat\/zer-pedrera\/wp-json\/wp\/v2\/users\/1"}],"replies":[{"embeddable":true,"href":"https:\/\/agora.xtec.cat\/zer-pedrera\/wp-json\/wp\/v2\/comments?post=8680"}],"version-history":[{"count":2,"href":"https:\/\/agora.xtec.cat\/zer-pedrera\/wp-json\/wp\/v2\/posts\/8680\/revisions"}],"predecessor-version":[{"id":8691,"href":"https:\/\/agora.xtec.cat\/zer-pedrera\/wp-json\/wp\/v2\/posts\/8680\/revisions\/8691"}],"wp:featuredmedia":[{"embeddable":true,"href":"https:\/\/agora.xtec.cat\/zer-pedrera\/wp-json\/wp\/v2\/media\/8690"}],"wp:attachment":[{"href":"https:\/\/agora.xtec.cat\/zer-pedrera\/wp-json\/wp\/v2\/media?parent=8680"}],"wp:term":[{"taxonomy":"category","embeddable":true,"href":"https:\/\/agora.xtec.cat\/zer-pedrera\/wp-json\/wp\/v2\/categories?post=8680"},{"taxonomy":"post_tag","embeddable":true,"href":"https:\/\/agora.xtec.cat\/zer-pedrera\/wp-json\/wp\/v2\/tags?post=8680"}],"curies":[{"name":"wp","href":"https:\/\/api.w.org\/{rel}","templated":true}]}}