{"id":8657,"date":"2024-11-15T13:36:18","date_gmt":"2024-11-15T12:36:18","guid":{"rendered":"https:\/\/agora.xtec.cat\/zer-pedrera\/?p=8657"},"modified":"2024-11-15T13:36:18","modified_gmt":"2024-11-15T12:36:18","slug":"castaween-a-lescola-porcel-de-cervera","status":"publish","type":"post","link":"https:\/\/agora.xtec.cat\/zer-pedrera\/general\/castaween-a-lescola-porcel-de-cervera\/","title":{"rendered":"Castaween a l&#8217;escola Porcel de Cervera."},"content":{"rendered":"<p>El passat dimarts 30 d&#8217;octubre a l&#8217;escola vam celebrar Castaween, o el que \u00e9s el mateix, una castanyada terror\u00edfica. Durant tot el dia tot l&#8217;alumnat va gaudir de diferents tallers on van combinar les nostres tradicions catalanes amb un toc de diversi\u00f3 esgarrifosa. Al mat\u00ed van fer un taller per cuinar uns panellets deliciosos que es van endur a casa per tastar amb la fam\u00edlia i per la tarda s&#8217;ho van passar pipa amb la desfilada amb disfresses a la fashion day a c\u00e0rrec de la nostra teacher Anna.<\/p>\n<p>Cliqueu les imatges per poder veure algunes fotos dels millors moments.<a href=\"https:\/\/photos.app.goo.gl\/LAFmjxGuWdtmXiSbA\"><img loading=\"lazy\" decoding=\"async\" class=\"aligncenter\" src=\"https:\/\/agora.xtec.cat\/zer-pedrera\/wp-content\/uploads\/usu1473\/2024\/11\/portada.png\" width=\"128\" height=\"64\" \/><\/a><\/p>\n","protected":false},"excerpt":{"rendered":"<p>El passat dimarts 30 d&#8217;octubre a l&#8217;escola vam celebrar Castaween, o el que \u00e9s el mateix, una castanyada terror\u00edfica. Durant tot el dia tot l&#8217;alumnat va gaudir de diferents tallers on van combinar les nostres tradicions catalanes amb un toc de diversi\u00f3 esgarrifosa. Al mat\u00ed&hellip;  <a href=\"https:\/\/agora.xtec.cat\/zer-pedrera\/general\/castaween-a-lescola-porcel-de-cervera\/\" title=\"Read Castaween a l&#8217;escola Porcel de Cervera.\">Llegeix m\u00e9s\u00bb<\/a><\/p>\n","protected":false},"author":1,"featured_media":8669,"comment_status":"open","ping_status":"closed","sticky":false,"template":"","format":"standard","meta":{"_bbp_topic_count":0,"_bbp_reply_count":0,"_bbp_total_topic_count":0,"_bbp_total_reply_count":0,"_bbp_voice_count":0,"_bbp_anonymous_reply_count":0,"_bbp_topic_count_hidden":0,"_bbp_reply_count_hidden":0,"_bbp_forum_subforum_count":0,"footnotes":""},"categories":[113,111,1,29,89],"tags":[],"class_list":["post-8657","post","type-post","status-publish","format-standard","has-post-thumbnail","hentry","category-e-infantil","category-escola-porcel-de-cervera","category-general","category-portada","category-primaria"],"post_mailing_queue_ids":[],"_links":{"self":[{"href":"https:\/\/agora.xtec.cat\/zer-pedrera\/wp-json\/wp\/v2\/posts\/8657","targetHints":{"allow":["GET"]}}],"collection":[{"href":"https:\/\/agora.xtec.cat\/zer-pedrera\/wp-json\/wp\/v2\/posts"}],"about":[{"href":"https:\/\/agora.xtec.cat\/zer-pedrera\/wp-json\/wp\/v2\/types\/post"}],"author":[{"embeddable":true,"href":"https:\/\/agora.xtec.cat\/zer-pedrera\/wp-json\/wp\/v2\/users\/1"}],"replies":[{"embeddable":true,"href":"https:\/\/agora.xtec.cat\/zer-pedrera\/wp-json\/wp\/v2\/comments?post=8657"}],"version-history":[{"count":4,"href":"https:\/\/agora.xtec.cat\/zer-pedrera\/wp-json\/wp\/v2\/posts\/8657\/revisions"}],"predecessor-version":[{"id":8670,"href":"https:\/\/agora.xtec.cat\/zer-pedrera\/wp-json\/wp\/v2\/posts\/8657\/revisions\/8670"}],"wp:featuredmedia":[{"embeddable":true,"href":"https:\/\/agora.xtec.cat\/zer-pedrera\/wp-json\/wp\/v2\/media\/8669"}],"wp:attachment":[{"href":"https:\/\/agora.xtec.cat\/zer-pedrera\/wp-json\/wp\/v2\/media?parent=8657"}],"wp:term":[{"taxonomy":"category","embeddable":true,"href":"https:\/\/agora.xtec.cat\/zer-pedrera\/wp-json\/wp\/v2\/categories?post=8657"},{"taxonomy":"post_tag","embeddable":true,"href":"https:\/\/agora.xtec.cat\/zer-pedrera\/wp-json\/wp\/v2\/tags?post=8657"}],"curies":[{"name":"wp","href":"https:\/\/api.w.org\/{rel}","templated":true}]}}