{"id":8643,"date":"2024-12-07T00:23:52","date_gmt":"2024-12-06T23:23:52","guid":{"rendered":"https:\/\/agora.xtec.cat\/zer-pedrera\/?p=8643"},"modified":"2024-12-09T15:00:29","modified_gmt":"2024-12-09T14:00:29","slug":"una-visita-molt-especial-porcel-de-cervera","status":"publish","type":"post","link":"https:\/\/agora.xtec.cat\/zer-pedrera\/general\/una-visita-molt-especial-porcel-de-cervera\/","title":{"rendered":"Una visita molt especial. Porcel de Cervera"},"content":{"rendered":"<p>Quan els alumnes m\u00e9s grans de l&#8217;escola fan el gran pas i marxen cap a l&#8217;institut, sempre hi ha una part dif\u00edcil i trista de comiat perqu\u00e8 sabem que no podrem compartir amb ells m\u00e9s estones dins l&#8217;escola. Per aix\u00f2 quan ens venen a veure i estan una estoneta amb nosaltres sempre \u00e9s un moment d&#8217;alegria i diversi\u00f3. Aquest cop han estat l&#8217;Abril i la Queralt qui ens han vingut a veure i ens han explicat la seva adaptaci\u00f3 i an\u00e8cdotes dels primers dies de l&#8217;insti. Aprofitant que est\u00e0vem fent tallers les vam convidar a fer una sessi\u00f3 amb nosaltres i ens van ajudar molt emocionades i contentes! Ens encanten aquestes visites i esperem que les segueixen fent al llarg del curs.<\/p>\n<p>Gr\u00e0cies per la vostra visita!!!!<a href=\"https:\/\/photos.google.com\/u\/1\/album\/AF1QipPfqrMt8uxD-wyXHmE2yta1_2_sK1p2ejQp7Z1j\"><img loading=\"lazy\" decoding=\"async\" class=\"aligncenter\" src=\"https:\/\/agora.xtec.cat\/zer-pedrera\/wp-content\/uploads\/usu1473\/2024\/12\/portada-1.jpg\" width=\"115\" height=\"86\" \/><\/a><\/p>\n","protected":false},"excerpt":{"rendered":"<p>Quan els alumnes m\u00e9s grans de l&#8217;escola fan el gran pas i marxen cap a l&#8217;institut, sempre hi ha una part dif\u00edcil i trista de comiat perqu\u00e8 sabem que no podrem compartir amb ells m\u00e9s estones dins l&#8217;escola. Per aix\u00f2 quan ens venen a veure&hellip;  <a href=\"https:\/\/agora.xtec.cat\/zer-pedrera\/general\/una-visita-molt-especial-porcel-de-cervera\/\" title=\"Read Una visita molt especial. Porcel de Cervera\">Llegeix m\u00e9s\u00bb<\/a><\/p>\n","protected":false},"author":1,"featured_media":8813,"comment_status":"open","ping_status":"closed","sticky":false,"template":"","format":"standard","meta":{"_bbp_topic_count":0,"_bbp_reply_count":0,"_bbp_total_topic_count":0,"_bbp_total_reply_count":0,"_bbp_voice_count":0,"_bbp_anonymous_reply_count":0,"_bbp_topic_count_hidden":0,"_bbp_reply_count_hidden":0,"_bbp_forum_subforum_count":0,"footnotes":""},"categories":[111,1,29,89],"tags":[],"class_list":["post-8643","post","type-post","status-publish","format-standard","has-post-thumbnail","hentry","category-escola-porcel-de-cervera","category-general","category-portada","category-primaria"],"post_mailing_queue_ids":[],"_links":{"self":[{"href":"https:\/\/agora.xtec.cat\/zer-pedrera\/wp-json\/wp\/v2\/posts\/8643","targetHints":{"allow":["GET"]}}],"collection":[{"href":"https:\/\/agora.xtec.cat\/zer-pedrera\/wp-json\/wp\/v2\/posts"}],"about":[{"href":"https:\/\/agora.xtec.cat\/zer-pedrera\/wp-json\/wp\/v2\/types\/post"}],"author":[{"embeddable":true,"href":"https:\/\/agora.xtec.cat\/zer-pedrera\/wp-json\/wp\/v2\/users\/1"}],"replies":[{"embeddable":true,"href":"https:\/\/agora.xtec.cat\/zer-pedrera\/wp-json\/wp\/v2\/comments?post=8643"}],"version-history":[{"count":5,"href":"https:\/\/agora.xtec.cat\/zer-pedrera\/wp-json\/wp\/v2\/posts\/8643\/revisions"}],"predecessor-version":[{"id":8814,"href":"https:\/\/agora.xtec.cat\/zer-pedrera\/wp-json\/wp\/v2\/posts\/8643\/revisions\/8814"}],"wp:featuredmedia":[{"embeddable":true,"href":"https:\/\/agora.xtec.cat\/zer-pedrera\/wp-json\/wp\/v2\/media\/8813"}],"wp:attachment":[{"href":"https:\/\/agora.xtec.cat\/zer-pedrera\/wp-json\/wp\/v2\/media?parent=8643"}],"wp:term":[{"taxonomy":"category","embeddable":true,"href":"https:\/\/agora.xtec.cat\/zer-pedrera\/wp-json\/wp\/v2\/categories?post=8643"},{"taxonomy":"post_tag","embeddable":true,"href":"https:\/\/agora.xtec.cat\/zer-pedrera\/wp-json\/wp\/v2\/tags?post=8643"}],"curies":[{"name":"wp","href":"https:\/\/api.w.org\/{rel}","templated":true}]}}