{"id":8616,"date":"2024-11-11T13:59:04","date_gmt":"2024-11-11T12:59:04","guid":{"rendered":"https:\/\/agora.xtec.cat\/zer-pedrera\/?p=8616"},"modified":"2024-11-11T13:59:04","modified_gmt":"2024-11-11T12:59:04","slug":"linia-del-temps-porcel-de-cervera-cm-i-cs","status":"publish","type":"post","link":"https:\/\/agora.xtec.cat\/zer-pedrera\/general\/linia-del-temps-porcel-de-cervera-cm-i-cs\/","title":{"rendered":"L\u00ednia del temps. Porcel de Cervera CM i CS"},"content":{"rendered":"<p>Els alumnes de CM i CS a l\u2019hora de gesti\u00f3 estem treballant els invents, per aquest motiu hem creat una l\u00ednia del temps amb les diferents etapes de la hist\u00f2ria per tal de poder situar tots aquells invents que anem descobrint durant aquest trimestre.<\/p>\n<p>Cliqueu imatge per veure m\u00e9s fotografies.<\/p>\n<p><a href=\"https:\/\/photos.app.goo.gl\/cLWmCbBDijSur8qs8\"><img loading=\"lazy\" decoding=\"async\" class=\"aligncenter\" src=\"https:\/\/agora.xtec.cat\/zer-pedrera\/wp-content\/uploads\/usu1473\/2024\/11\/portada.jpg\" width=\"135\" height=\"101\" \/><\/a><\/p>\n","protected":false},"excerpt":{"rendered":"<p>Els alumnes de CM i CS a l\u2019hora de gesti\u00f3 estem treballant els invents, per aquest motiu hem creat una l\u00ednia del temps amb les diferents etapes de la hist\u00f2ria per tal de poder situar tots aquells invents que anem descobrint durant aquest trimestre.<br \/>\nCliqueu imatge&hellip;  <a href=\"https:\/\/agora.xtec.cat\/zer-pedrera\/general\/linia-del-temps-porcel-de-cervera-cm-i-cs\/\" title=\"Read L\u00ednia del temps. Porcel de Cervera CM i CS\">Llegeix m\u00e9s\u00bb<\/a><\/p>\n","protected":false},"author":1,"featured_media":8623,"comment_status":"open","ping_status":"closed","sticky":false,"template":"","format":"standard","meta":{"_bbp_topic_count":0,"_bbp_reply_count":0,"_bbp_total_topic_count":0,"_bbp_total_reply_count":0,"_bbp_voice_count":0,"_bbp_anonymous_reply_count":0,"_bbp_topic_count_hidden":0,"_bbp_reply_count_hidden":0,"_bbp_forum_subforum_count":0,"footnotes":""},"categories":[111,1,29,89],"tags":[],"class_list":["post-8616","post","type-post","status-publish","format-standard","has-post-thumbnail","hentry","category-escola-porcel-de-cervera","category-general","category-portada","category-primaria"],"post_mailing_queue_ids":[],"_links":{"self":[{"href":"https:\/\/agora.xtec.cat\/zer-pedrera\/wp-json\/wp\/v2\/posts\/8616","targetHints":{"allow":["GET"]}}],"collection":[{"href":"https:\/\/agora.xtec.cat\/zer-pedrera\/wp-json\/wp\/v2\/posts"}],"about":[{"href":"https:\/\/agora.xtec.cat\/zer-pedrera\/wp-json\/wp\/v2\/types\/post"}],"author":[{"embeddable":true,"href":"https:\/\/agora.xtec.cat\/zer-pedrera\/wp-json\/wp\/v2\/users\/1"}],"replies":[{"embeddable":true,"href":"https:\/\/agora.xtec.cat\/zer-pedrera\/wp-json\/wp\/v2\/comments?post=8616"}],"version-history":[{"count":3,"href":"https:\/\/agora.xtec.cat\/zer-pedrera\/wp-json\/wp\/v2\/posts\/8616\/revisions"}],"predecessor-version":[{"id":8625,"href":"https:\/\/agora.xtec.cat\/zer-pedrera\/wp-json\/wp\/v2\/posts\/8616\/revisions\/8625"}],"wp:featuredmedia":[{"embeddable":true,"href":"https:\/\/agora.xtec.cat\/zer-pedrera\/wp-json\/wp\/v2\/media\/8623"}],"wp:attachment":[{"href":"https:\/\/agora.xtec.cat\/zer-pedrera\/wp-json\/wp\/v2\/media?parent=8616"}],"wp:term":[{"taxonomy":"category","embeddable":true,"href":"https:\/\/agora.xtec.cat\/zer-pedrera\/wp-json\/wp\/v2\/categories?post=8616"},{"taxonomy":"post_tag","embeddable":true,"href":"https:\/\/agora.xtec.cat\/zer-pedrera\/wp-json\/wp\/v2\/tags?post=8616"}],"curies":[{"name":"wp","href":"https:\/\/api.w.org\/{rel}","templated":true}]}}