{"id":8580,"date":"2024-11-15T09:13:47","date_gmt":"2024-11-15T08:13:47","guid":{"rendered":"https:\/\/agora.xtec.cat\/zer-pedrera\/?p=8580"},"modified":"2024-11-15T09:13:47","modified_gmt":"2024-11-15T08:13:47","slug":"cm-de-lescola-abat-ruera-recreem-el-papir","status":"publish","type":"post","link":"https:\/\/agora.xtec.cat\/zer-pedrera\/general\/cm-de-lescola-abat-ruera-recreem-el-papir\/","title":{"rendered":"CM de l&#8217;escola Abat Ruera. Recreem el papir"},"content":{"rendered":"<p>A Gesti\u00f3 Aut\u00f2noma estem indagant i treballant els invents, aix\u00ed com la seva evoluci\u00f3. Tot el que coneixem i tenim avui en dia, com era abans i quin proc\u00e9s de canvi ha sofert per ser tal com ho coneixem.<\/p>\n<p>Seguint en aquesta l\u00ednia, en les \u00faltimes sessions hem conegut la hist\u00f2ria del paper i tamb\u00e9 les \u00faltimes sessions hem conegut la hist\u00f2ria del paper i tamb\u00e9 les diferents versions que hi ha hagut al llarg de la hist\u00f2ria.<\/p>\n<p>El punt de partida \u00e9s el PAPIR; coneixem la seva hist\u00f2ria, com es fabricava, els materials que es necessiten, la situaci\u00f3 actual&#8230;I ho concloem posant-ho en pr\u00e0ctica: Recreem el papir!<\/p>\n<p>En aquest cas adaptem els materials per poder-ho fer a l&#8217;escola: aigua, cola blanca, gases i caf\u00e8. I a partir d&#8217;aqu\u00ed podeu anar veient la m\u00e0gia del proc\u00e9s i els jerogl\u00edfics que hem creat!<\/p>\n<p>Per veure m\u00e9s fotografies clicar damunt de la imatge.<\/p>\n<p><a href=\"https:\/\/agora.xtec.cat\/zer-pedrera\/wp-content\/uploads\/usu1473\/2024\/10\/IMG-20241028-WA0095.jpg\"><img loading=\"lazy\" decoding=\"async\" class=\"alignnone size-full wp-image-8584\" src=\"https:\/\/agora.xtec.cat\/zer-pedrera\/wp-content\/uploads\/usu1473\/2024\/10\/IMG-20241028-WA0095.jpg\" alt=\"\" width=\"300\" height=\"400\" srcset=\"https:\/\/agora.xtec.cat\/zer-pedrera\/wp-content\/uploads\/usu1473\/2024\/10\/IMG-20241028-WA0095.jpg 300w, https:\/\/agora.xtec.cat\/zer-pedrera\/wp-content\/uploads\/usu1473\/2024\/10\/IMG-20241028-WA0095-225x300.jpg 225w\" sizes=\"auto, (max-width: 300px) 100vw, 300px\" \/><\/a><\/p>\n","protected":false},"excerpt":{"rendered":"<p>A Gesti\u00f3 Aut\u00f2noma estem indagant i treballant els invents, aix\u00ed com la seva evoluci\u00f3. Tot el que coneixem i tenim avui en dia, com era abans i quin proc\u00e9s de canvi ha sofert per ser tal com ho coneixem.<br \/>\nSeguint en aquesta l\u00ednia, en les \u00faltimes&hellip;  <a href=\"https:\/\/agora.xtec.cat\/zer-pedrera\/general\/cm-de-lescola-abat-ruera-recreem-el-papir\/\" title=\"Read CM de l&#8217;escola Abat Ruera. Recreem el papir\">Llegeix m\u00e9s\u00bb<\/a><\/p>\n","protected":false},"author":1,"featured_media":8584,"comment_status":"open","ping_status":"closed","sticky":false,"template":"","format":"standard","meta":{"_bbp_topic_count":0,"_bbp_reply_count":0,"_bbp_total_topic_count":0,"_bbp_total_reply_count":0,"_bbp_voice_count":0,"_bbp_anonymous_reply_count":0,"_bbp_topic_count_hidden":0,"_bbp_reply_count_hidden":0,"_bbp_forum_subforum_count":0,"footnotes":""},"categories":[110,1,116,119,29,89],"tags":[],"class_list":["post-8580","post","type-post","status-publish","format-standard","has-post-thumbnail","hentry","category-escola-abat-ruera","category-general","category-medi","category-plastica","category-portada","category-primaria"],"post_mailing_queue_ids":[],"_links":{"self":[{"href":"https:\/\/agora.xtec.cat\/zer-pedrera\/wp-json\/wp\/v2\/posts\/8580","targetHints":{"allow":["GET"]}}],"collection":[{"href":"https:\/\/agora.xtec.cat\/zer-pedrera\/wp-json\/wp\/v2\/posts"}],"about":[{"href":"https:\/\/agora.xtec.cat\/zer-pedrera\/wp-json\/wp\/v2\/types\/post"}],"author":[{"embeddable":true,"href":"https:\/\/agora.xtec.cat\/zer-pedrera\/wp-json\/wp\/v2\/users\/1"}],"replies":[{"embeddable":true,"href":"https:\/\/agora.xtec.cat\/zer-pedrera\/wp-json\/wp\/v2\/comments?post=8580"}],"version-history":[{"count":4,"href":"https:\/\/agora.xtec.cat\/zer-pedrera\/wp-json\/wp\/v2\/posts\/8580\/revisions"}],"predecessor-version":[{"id":8585,"href":"https:\/\/agora.xtec.cat\/zer-pedrera\/wp-json\/wp\/v2\/posts\/8580\/revisions\/8585"}],"wp:featuredmedia":[{"embeddable":true,"href":"https:\/\/agora.xtec.cat\/zer-pedrera\/wp-json\/wp\/v2\/media\/8584"}],"wp:attachment":[{"href":"https:\/\/agora.xtec.cat\/zer-pedrera\/wp-json\/wp\/v2\/media?parent=8580"}],"wp:term":[{"taxonomy":"category","embeddable":true,"href":"https:\/\/agora.xtec.cat\/zer-pedrera\/wp-json\/wp\/v2\/categories?post=8580"},{"taxonomy":"post_tag","embeddable":true,"href":"https:\/\/agora.xtec.cat\/zer-pedrera\/wp-json\/wp\/v2\/tags?post=8580"}],"curies":[{"name":"wp","href":"https:\/\/api.w.org\/{rel}","templated":true}]}}