{"id":8569,"date":"2024-11-10T20:11:04","date_gmt":"2024-11-10T19:11:04","guid":{"rendered":"https:\/\/agora.xtec.cat\/zer-pedrera\/?p=8569"},"modified":"2024-11-10T20:11:04","modified_gmt":"2024-11-10T19:11:04","slug":"ei-de-lescola-abat-ruera-ens-expressem","status":"publish","type":"post","link":"https:\/\/agora.xtec.cat\/zer-pedrera\/general\/ei-de-lescola-abat-ruera-ens-expressem\/","title":{"rendered":"EI de l&#8217;escola Abat Ruera. Ens expressem!"},"content":{"rendered":"<p>Quan fem refer\u00e8ncia a l&#8217;expressi\u00f3 pl\u00e0stica normalment pensem a utilitzar pintures, colors i retoladors o dibuixar amb llapis. Per\u00f2 hi ha altres formes d&#8217;expressar-nos. I si utilitzem el nostre propi entorn? Doncs aix\u00f2 \u00e9s el que han fet els nostres alumnes d&#8217;Educaci\u00f3 Infantil.<\/p>\n<p>Aqu\u00ed teniu una imatge de l&#8217;activitat!<\/p>\n<p><a href=\"https:\/\/agora.xtec.cat\/zer-pedrera\/wp-content\/uploads\/usu1473\/2024\/10\/IMG-20241025-WA0042.jpg\"><img loading=\"lazy\" decoding=\"async\" class=\"alignnone size-full wp-image-8572\" src=\"https:\/\/agora.xtec.cat\/zer-pedrera\/wp-content\/uploads\/usu1473\/2024\/10\/IMG-20241025-WA0042.jpg\" alt=\"\" width=\"300\" height=\"398\" srcset=\"https:\/\/agora.xtec.cat\/zer-pedrera\/wp-content\/uploads\/usu1473\/2024\/10\/IMG-20241025-WA0042.jpg 300w, https:\/\/agora.xtec.cat\/zer-pedrera\/wp-content\/uploads\/usu1473\/2024\/10\/IMG-20241025-WA0042-226x300.jpg 226w\" sizes=\"auto, (max-width: 300px) 100vw, 300px\" \/><\/a><\/p>\n","protected":false},"excerpt":{"rendered":"<p>Quan fem refer\u00e8ncia a l&#8217;expressi\u00f3 pl\u00e0stica normalment pensem a utilitzar pintures, colors i retoladors o dibuixar amb llapis. Per\u00f2 hi ha altres formes d&#8217;expressar-nos. I si utilitzem el nostre propi entorn? Doncs aix\u00f2 \u00e9s el que han fet els nostres alumnes d&#8217;Educaci\u00f3 Infantil.<br \/>\nAqu\u00ed teniu una&hellip;  <a href=\"https:\/\/agora.xtec.cat\/zer-pedrera\/general\/ei-de-lescola-abat-ruera-ens-expressem\/\" title=\"Read EI de l&#8217;escola Abat Ruera. Ens expressem!\">Llegeix m\u00e9s\u00bb<\/a><\/p>\n","protected":false},"author":1,"featured_media":8572,"comment_status":"open","ping_status":"closed","sticky":false,"template":"","format":"standard","meta":{"_bbp_topic_count":0,"_bbp_reply_count":0,"_bbp_total_topic_count":0,"_bbp_total_reply_count":0,"_bbp_voice_count":0,"_bbp_anonymous_reply_count":0,"_bbp_topic_count_hidden":0,"_bbp_reply_count_hidden":0,"_bbp_forum_subforum_count":0,"footnotes":""},"categories":[113,110,1,116,119,29],"tags":[],"class_list":["post-8569","post","type-post","status-publish","format-standard","has-post-thumbnail","hentry","category-e-infantil","category-escola-abat-ruera","category-general","category-medi","category-plastica","category-portada"],"post_mailing_queue_ids":[],"_links":{"self":[{"href":"https:\/\/agora.xtec.cat\/zer-pedrera\/wp-json\/wp\/v2\/posts\/8569","targetHints":{"allow":["GET"]}}],"collection":[{"href":"https:\/\/agora.xtec.cat\/zer-pedrera\/wp-json\/wp\/v2\/posts"}],"about":[{"href":"https:\/\/agora.xtec.cat\/zer-pedrera\/wp-json\/wp\/v2\/types\/post"}],"author":[{"embeddable":true,"href":"https:\/\/agora.xtec.cat\/zer-pedrera\/wp-json\/wp\/v2\/users\/1"}],"replies":[{"embeddable":true,"href":"https:\/\/agora.xtec.cat\/zer-pedrera\/wp-json\/wp\/v2\/comments?post=8569"}],"version-history":[{"count":3,"href":"https:\/\/agora.xtec.cat\/zer-pedrera\/wp-json\/wp\/v2\/posts\/8569\/revisions"}],"predecessor-version":[{"id":8573,"href":"https:\/\/agora.xtec.cat\/zer-pedrera\/wp-json\/wp\/v2\/posts\/8569\/revisions\/8573"}],"wp:featuredmedia":[{"embeddable":true,"href":"https:\/\/agora.xtec.cat\/zer-pedrera\/wp-json\/wp\/v2\/media\/8572"}],"wp:attachment":[{"href":"https:\/\/agora.xtec.cat\/zer-pedrera\/wp-json\/wp\/v2\/media?parent=8569"}],"wp:term":[{"taxonomy":"category","embeddable":true,"href":"https:\/\/agora.xtec.cat\/zer-pedrera\/wp-json\/wp\/v2\/categories?post=8569"},{"taxonomy":"post_tag","embeddable":true,"href":"https:\/\/agora.xtec.cat\/zer-pedrera\/wp-json\/wp\/v2\/tags?post=8569"}],"curies":[{"name":"wp","href":"https:\/\/api.w.org\/{rel}","templated":true}]}}