{"id":8566,"date":"2024-11-02T19:33:06","date_gmt":"2024-11-02T18:33:06","guid":{"rendered":"https:\/\/agora.xtec.cat\/zer-pedrera\/?p=8566"},"modified":"2024-11-02T19:33:06","modified_gmt":"2024-11-02T18:33:06","slug":"escola-abat-ruera-el-tunel-del-terror","status":"publish","type":"post","link":"https:\/\/agora.xtec.cat\/zer-pedrera\/general\/escola-abat-ruera-el-tunel-del-terror\/","title":{"rendered":"Escola Abat Ruera. El t\u00fanel del terror"},"content":{"rendered":"<p>Des de l&#8217;escola Abat Ruera, hem treballat la castanyada dedicant un mat\u00ed a fer els t\u00edpics panellets. Per\u00f2 tampoc vol\u00edem deixar de treballar la nova tradici\u00f3 que s&#8217;est\u00e0 implementant, Halloween.<\/p>\n<p>L&#8217;alumnat m\u00e9s gran de l&#8217;escola s&#8217;han disfressat de &#8220;petits monstres&#8221; i han estat els protagonistes del t\u00fanel de terror.<\/p>\n<p>Uf!!!!, quina por!!!!<\/p>\n<p><a href=\"https:\/\/agora.xtec.cat\/zer-pedrera\/wp-content\/uploads\/usu1473\/2024\/10\/Captura-de-pantalla-2024-10-29-203152.png\"><img loading=\"lazy\" decoding=\"async\" class=\"alignnone size-full wp-image-8567\" src=\"https:\/\/agora.xtec.cat\/zer-pedrera\/wp-content\/uploads\/usu1473\/2024\/10\/Captura-de-pantalla-2024-10-29-203152.png\" alt=\"\" width=\"366\" height=\"221\" srcset=\"https:\/\/agora.xtec.cat\/zer-pedrera\/wp-content\/uploads\/usu1473\/2024\/10\/Captura-de-pantalla-2024-10-29-203152.png 366w, https:\/\/agora.xtec.cat\/zer-pedrera\/wp-content\/uploads\/usu1473\/2024\/10\/Captura-de-pantalla-2024-10-29-203152-300x181.png 300w\" sizes=\"auto, (max-width: 366px) 100vw, 366px\" \/><\/a><\/p>\n<p>&nbsp;<\/p>\n","protected":false},"excerpt":{"rendered":"<p>Des de l&#8217;escola Abat Ruera, hem treballat la castanyada dedicant un mat\u00ed a fer els t\u00edpics panellets. Per\u00f2 tampoc vol\u00edem deixar de treballar la nova tradici\u00f3 que s&#8217;est\u00e0 implementant, Halloween.<br \/>\nL&#8217;alumnat m\u00e9s gran de l&#8217;escola s&#8217;han disfressat de &#8220;petits monstres&#8221; i han estat els protagonistes del&hellip;  <a href=\"https:\/\/agora.xtec.cat\/zer-pedrera\/general\/escola-abat-ruera-el-tunel-del-terror\/\" title=\"Read Escola Abat Ruera. El t\u00fanel del terror\">Llegeix m\u00e9s\u00bb<\/a><\/p>\n","protected":false},"author":1,"featured_media":8567,"comment_status":"open","ping_status":"closed","sticky":false,"template":"","format":"standard","meta":{"_bbp_topic_count":0,"_bbp_reply_count":0,"_bbp_total_topic_count":0,"_bbp_total_reply_count":0,"_bbp_voice_count":0,"_bbp_anonymous_reply_count":0,"_bbp_topic_count_hidden":0,"_bbp_reply_count_hidden":0,"_bbp_forum_subforum_count":0,"footnotes":""},"categories":[113,110,1,116,29,89],"tags":[],"class_list":["post-8566","post","type-post","status-publish","format-standard","has-post-thumbnail","hentry","category-e-infantil","category-escola-abat-ruera","category-general","category-medi","category-portada","category-primaria"],"post_mailing_queue_ids":[],"_links":{"self":[{"href":"https:\/\/agora.xtec.cat\/zer-pedrera\/wp-json\/wp\/v2\/posts\/8566","targetHints":{"allow":["GET"]}}],"collection":[{"href":"https:\/\/agora.xtec.cat\/zer-pedrera\/wp-json\/wp\/v2\/posts"}],"about":[{"href":"https:\/\/agora.xtec.cat\/zer-pedrera\/wp-json\/wp\/v2\/types\/post"}],"author":[{"embeddable":true,"href":"https:\/\/agora.xtec.cat\/zer-pedrera\/wp-json\/wp\/v2\/users\/1"}],"replies":[{"embeddable":true,"href":"https:\/\/agora.xtec.cat\/zer-pedrera\/wp-json\/wp\/v2\/comments?post=8566"}],"version-history":[{"count":1,"href":"https:\/\/agora.xtec.cat\/zer-pedrera\/wp-json\/wp\/v2\/posts\/8566\/revisions"}],"predecessor-version":[{"id":8568,"href":"https:\/\/agora.xtec.cat\/zer-pedrera\/wp-json\/wp\/v2\/posts\/8566\/revisions\/8568"}],"wp:featuredmedia":[{"embeddable":true,"href":"https:\/\/agora.xtec.cat\/zer-pedrera\/wp-json\/wp\/v2\/media\/8567"}],"wp:attachment":[{"href":"https:\/\/agora.xtec.cat\/zer-pedrera\/wp-json\/wp\/v2\/media?parent=8566"}],"wp:term":[{"taxonomy":"category","embeddable":true,"href":"https:\/\/agora.xtec.cat\/zer-pedrera\/wp-json\/wp\/v2\/categories?post=8566"},{"taxonomy":"post_tag","embeddable":true,"href":"https:\/\/agora.xtec.cat\/zer-pedrera\/wp-json\/wp\/v2\/tags?post=8566"}],"curies":[{"name":"wp","href":"https:\/\/api.w.org\/{rel}","templated":true}]}}