{"id":8548,"date":"2024-11-02T19:35:01","date_gmt":"2024-11-02T18:35:01","guid":{"rendered":"https:\/\/agora.xtec.cat\/zer-pedrera\/?p=8548"},"modified":"2024-11-02T19:35:01","modified_gmt":"2024-11-02T18:35:01","slug":"ei-de-lescola-abat-ruera-concepte-tou-dur","status":"publish","type":"post","link":"https:\/\/agora.xtec.cat\/zer-pedrera\/general\/ei-de-lescola-abat-ruera-concepte-tou-dur\/","title":{"rendered":"EI de l&#8217;escola Abat Ruera. Concepte Tou\/Dur"},"content":{"rendered":"<p>L&#8217;alumnat d&#8217;I1 i d&#8217;I2\u00a0 treballem el concepte matem\u00e0tic\u00a0 tou\/dur, aprofitant\u00a0 alguns elements naturals de la tardor com les castanyes i la patata\u00a0 perqu\u00e8 un dels aliments necessaris per fer els panellets.<\/p>\n<p>En un inici no ens ha agradat massa aix\u00f2 d&#8217;embrutar-nos les mans, per\u00f2 despr\u00e9s\u00a0 fins hem volgut provar la patata bullida.<\/p>\n<p><a href=\"https:\/\/agora.xtec.cat\/zer-pedrera\/wp-content\/uploads\/usu1473\/2024\/10\/IMG-20241025-WA0043.jpg\"><img loading=\"lazy\" decoding=\"async\" class=\"alignnone size-full wp-image-8551\" src=\"https:\/\/agora.xtec.cat\/zer-pedrera\/wp-content\/uploads\/usu1473\/2024\/10\/IMG-20241025-WA0043.jpg\" alt=\"\" width=\"300\" height=\"225\" srcset=\"https:\/\/agora.xtec.cat\/zer-pedrera\/wp-content\/uploads\/usu1473\/2024\/10\/IMG-20241025-WA0043.jpg 300w, https:\/\/agora.xtec.cat\/zer-pedrera\/wp-content\/uploads\/usu1473\/2024\/10\/IMG-20241025-WA0043-200x150.jpg 200w\" sizes=\"auto, (max-width: 300px) 100vw, 300px\" \/><\/a><\/p>\n","protected":false},"excerpt":{"rendered":"<p>L&#8217;alumnat d&#8217;I1 i d&#8217;I2\u00a0 treballem el concepte matem\u00e0tic\u00a0 tou\/dur, aprofitant\u00a0 alguns elements naturals de la tardor com les castanyes i la patata\u00a0 perqu\u00e8 un dels aliments necessaris per fer els panellets.<br \/>\nEn un inici no ens ha agradat massa aix\u00f2 d&#8217;embrutar-nos les mans, per\u00f2 despr\u00e9s\u00a0 fins&hellip;  <a href=\"https:\/\/agora.xtec.cat\/zer-pedrera\/general\/ei-de-lescola-abat-ruera-concepte-tou-dur\/\" title=\"Read EI de l&#8217;escola Abat Ruera. Concepte Tou\/Dur\">Llegeix m\u00e9s\u00bb<\/a><\/p>\n","protected":false},"author":1,"featured_media":8551,"comment_status":"open","ping_status":"closed","sticky":false,"template":"","format":"standard","meta":{"_bbp_topic_count":0,"_bbp_reply_count":0,"_bbp_total_topic_count":0,"_bbp_total_reply_count":0,"_bbp_voice_count":0,"_bbp_anonymous_reply_count":0,"_bbp_topic_count_hidden":0,"_bbp_reply_count_hidden":0,"_bbp_forum_subforum_count":0,"footnotes":""},"categories":[113,110,1,126,116,29],"tags":[],"class_list":["post-8548","post","type-post","status-publish","format-standard","has-post-thumbnail","hentry","category-e-infantil","category-escola-abat-ruera","category-general","category-matematiques","category-medi","category-portada"],"post_mailing_queue_ids":[],"_links":{"self":[{"href":"https:\/\/agora.xtec.cat\/zer-pedrera\/wp-json\/wp\/v2\/posts\/8548","targetHints":{"allow":["GET"]}}],"collection":[{"href":"https:\/\/agora.xtec.cat\/zer-pedrera\/wp-json\/wp\/v2\/posts"}],"about":[{"href":"https:\/\/agora.xtec.cat\/zer-pedrera\/wp-json\/wp\/v2\/types\/post"}],"author":[{"embeddable":true,"href":"https:\/\/agora.xtec.cat\/zer-pedrera\/wp-json\/wp\/v2\/users\/1"}],"replies":[{"embeddable":true,"href":"https:\/\/agora.xtec.cat\/zer-pedrera\/wp-json\/wp\/v2\/comments?post=8548"}],"version-history":[{"count":2,"href":"https:\/\/agora.xtec.cat\/zer-pedrera\/wp-json\/wp\/v2\/posts\/8548\/revisions"}],"predecessor-version":[{"id":8552,"href":"https:\/\/agora.xtec.cat\/zer-pedrera\/wp-json\/wp\/v2\/posts\/8548\/revisions\/8552"}],"wp:featuredmedia":[{"embeddable":true,"href":"https:\/\/agora.xtec.cat\/zer-pedrera\/wp-json\/wp\/v2\/media\/8551"}],"wp:attachment":[{"href":"https:\/\/agora.xtec.cat\/zer-pedrera\/wp-json\/wp\/v2\/media?parent=8548"}],"wp:term":[{"taxonomy":"category","embeddable":true,"href":"https:\/\/agora.xtec.cat\/zer-pedrera\/wp-json\/wp\/v2\/categories?post=8548"},{"taxonomy":"post_tag","embeddable":true,"href":"https:\/\/agora.xtec.cat\/zer-pedrera\/wp-json\/wp\/v2\/tags?post=8548"}],"curies":[{"name":"wp","href":"https:\/\/api.w.org\/{rel}","templated":true}]}}