{"id":8517,"date":"2024-10-25T09:35:37","date_gmt":"2024-10-25T07:35:37","guid":{"rendered":"https:\/\/agora.xtec.cat\/zer-pedrera\/?p=8517"},"modified":"2024-10-25T09:35:37","modified_gmt":"2024-10-25T07:35:37","slug":"ci-de-lescola-abat-ruera-jocs-numerics","status":"publish","type":"post","link":"https:\/\/agora.xtec.cat\/zer-pedrera\/general\/ci-de-lescola-abat-ruera-jocs-numerics\/","title":{"rendered":"CI de l&#8217;escola Abat Ruera. Jocs num\u00e8rics"},"content":{"rendered":"<p>Aquest dilluns, les nostres practicants d&#8217;Educaci\u00f3 Prim\u00e0ria, l&#8217;<span class=\"hiddenGrammarError\" style=\"padding-bottom: 2px; background-image: url('..\/..\/..\/..\/..\/images\/squiggle.png'); background-repeat: repeat-x; background-position: left bottom; cursor: default; color: #000000; font-family: 'Open Sans', Helvetica, Arial, sans-serif; font-size: 16px; font-style: normal; font-variant-ligatures: normal; font-variant-caps: normal; font-weight: 300; letter-spacing: normal; orphans: 2; text-align: start; text-indent: 0px; text-transform: none; widows: 2; word-spacing: 0px; -webkit-text-stroke-width: 0px; white-space: normal; text-decoration-thickness: initial; text-decoration-style: initial; text-decoration-color: initial;\">Abril<\/span> i l&#8217;Aina han preparat una s\u00e8rie d&#8217;activitats molt l\u00fadiques i adaptades al nivell de l&#8217;alumnat per treballar les seriacions dels n\u00fameros en l&#8217;\u00e0rea de Matem\u00e0tiques.<\/p>\n<p>Aqu\u00ed teniu una imatge d&#8217;aquell dia!<\/p>\n<p><a href=\"https:\/\/agora.xtec.cat\/zer-pedrera\/wp-content\/uploads\/usu1473\/2024\/10\/IMG-20241014-WA0018.jpg\"><img loading=\"lazy\" decoding=\"async\" class=\"alignnone size-full wp-image-8518\" src=\"https:\/\/agora.xtec.cat\/zer-pedrera\/wp-content\/uploads\/usu1473\/2024\/10\/IMG-20241014-WA0018.jpg\" alt=\"\" width=\"300\" height=\"169\" \/><\/a><\/p>\n","protected":false},"excerpt":{"rendered":"<p>Aquest dilluns, les nostres practicants d&#8217;Educaci\u00f3 Prim\u00e0ria, l&#8217;Abril i l&#8217;Aina han preparat una s\u00e8rie d&#8217;activitats molt l\u00fadiques i adaptades al nivell de l&#8217;alumnat per treballar les seriacions dels n\u00fameros en l&#8217;\u00e0rea de Matem\u00e0tiques.<br \/>\nAqu\u00ed teniu una imatge d&#8217;aquell dia!<br \/>\n<a href=\"https:\/\/agora.xtec.cat\/zer-pedrera\/wp-content\/uploads\/usu1473\/2024\/10\/IMG-20241014-WA0018.jpg\"><\/a><\/p>\n","protected":false},"author":1,"featured_media":8518,"comment_status":"open","ping_status":"closed","sticky":false,"template":"","format":"standard","meta":{"_bbp_topic_count":0,"_bbp_reply_count":0,"_bbp_total_topic_count":0,"_bbp_total_reply_count":0,"_bbp_voice_count":0,"_bbp_anonymous_reply_count":0,"_bbp_topic_count_hidden":0,"_bbp_reply_count_hidden":0,"_bbp_forum_subforum_count":0,"footnotes":""},"categories":[110,1,126,29,89],"tags":[],"class_list":["post-8517","post","type-post","status-publish","format-standard","has-post-thumbnail","hentry","category-escola-abat-ruera","category-general","category-matematiques","category-portada","category-primaria"],"post_mailing_queue_ids":[],"_links":{"self":[{"href":"https:\/\/agora.xtec.cat\/zer-pedrera\/wp-json\/wp\/v2\/posts\/8517","targetHints":{"allow":["GET"]}}],"collection":[{"href":"https:\/\/agora.xtec.cat\/zer-pedrera\/wp-json\/wp\/v2\/posts"}],"about":[{"href":"https:\/\/agora.xtec.cat\/zer-pedrera\/wp-json\/wp\/v2\/types\/post"}],"author":[{"embeddable":true,"href":"https:\/\/agora.xtec.cat\/zer-pedrera\/wp-json\/wp\/v2\/users\/1"}],"replies":[{"embeddable":true,"href":"https:\/\/agora.xtec.cat\/zer-pedrera\/wp-json\/wp\/v2\/comments?post=8517"}],"version-history":[{"count":1,"href":"https:\/\/agora.xtec.cat\/zer-pedrera\/wp-json\/wp\/v2\/posts\/8517\/revisions"}],"predecessor-version":[{"id":8519,"href":"https:\/\/agora.xtec.cat\/zer-pedrera\/wp-json\/wp\/v2\/posts\/8517\/revisions\/8519"}],"wp:featuredmedia":[{"embeddable":true,"href":"https:\/\/agora.xtec.cat\/zer-pedrera\/wp-json\/wp\/v2\/media\/8518"}],"wp:attachment":[{"href":"https:\/\/agora.xtec.cat\/zer-pedrera\/wp-json\/wp\/v2\/media?parent=8517"}],"wp:term":[{"taxonomy":"category","embeddable":true,"href":"https:\/\/agora.xtec.cat\/zer-pedrera\/wp-json\/wp\/v2\/categories?post=8517"},{"taxonomy":"post_tag","embeddable":true,"href":"https:\/\/agora.xtec.cat\/zer-pedrera\/wp-json\/wp\/v2\/tags?post=8517"}],"curies":[{"name":"wp","href":"https:\/\/api.w.org\/{rel}","templated":true}]}}