{"id":8514,"date":"2024-10-18T09:40:35","date_gmt":"2024-10-18T07:40:35","guid":{"rendered":"https:\/\/agora.xtec.cat\/zer-pedrera\/?p=8514"},"modified":"2024-10-18T09:40:35","modified_gmt":"2024-10-18T07:40:35","slug":"ei-de-lescola-abat-ruera-bon-dia","status":"publish","type":"post","link":"https:\/\/agora.xtec.cat\/zer-pedrera\/general\/ei-de-lescola-abat-ruera-bon-dia\/","title":{"rendered":"EI de l&#8217;escola Abat Ruera. Bon dia!"},"content":{"rendered":"<p>Cada mat\u00ed l&#8217;alumnat d&#8217;I1 i d&#8217;I2 mirem al cel i parlem de quin temps fa; plou, fa vent, fa sol&#8230; Per\u00f2\u00a0el m\u00e9s divertit de tot \u00e9s que tenim una finestra on podem ficar els elements meteorol\u00f2gics. Ens ho passem d&#8217;all\u00f2 m\u00e9s b\u00e9 aprenent!!!<\/p>\n<p><a href=\"https:\/\/agora.xtec.cat\/zer-pedrera\/wp-content\/uploads\/usu1473\/2024\/10\/IMG-20241010-WA0018.jpg\"><img loading=\"lazy\" decoding=\"async\" class=\"alignnone size-full wp-image-8515\" src=\"https:\/\/agora.xtec.cat\/zer-pedrera\/wp-content\/uploads\/usu1473\/2024\/10\/IMG-20241010-WA0018.jpg\" alt=\"\" width=\"350\" height=\"263\" srcset=\"https:\/\/agora.xtec.cat\/zer-pedrera\/wp-content\/uploads\/usu1473\/2024\/10\/IMG-20241010-WA0018.jpg 350w, https:\/\/agora.xtec.cat\/zer-pedrera\/wp-content\/uploads\/usu1473\/2024\/10\/IMG-20241010-WA0018-300x225.jpg 300w, https:\/\/agora.xtec.cat\/zer-pedrera\/wp-content\/uploads\/usu1473\/2024\/10\/IMG-20241010-WA0018-200x150.jpg 200w\" sizes=\"auto, (max-width: 350px) 100vw, 350px\" \/><\/a><\/p>\n","protected":false},"excerpt":{"rendered":"<p>Cada mat\u00ed l&#8217;alumnat d&#8217;I1 i d&#8217;I2 mirem al cel i parlem de quin temps fa; plou, fa vent, fa sol&#8230; Per\u00f2\u00a0el m\u00e9s divertit de tot \u00e9s que tenim una finestra on podem ficar els elements meteorol\u00f2gics. Ens ho passem d&#8217;all\u00f2 m\u00e9s b\u00e9 aprenent!!!<br \/>\n<a href=\"https:\/\/agora.xtec.cat\/zer-pedrera\/wp-content\/uploads\/usu1473\/2024\/10\/IMG-20241010-WA0018.jpg\"><\/a><\/p>\n","protected":false},"author":1,"featured_media":8515,"comment_status":"open","ping_status":"closed","sticky":false,"template":"","format":"standard","meta":{"_bbp_topic_count":0,"_bbp_reply_count":0,"_bbp_total_topic_count":0,"_bbp_total_reply_count":0,"_bbp_voice_count":0,"_bbp_anonymous_reply_count":0,"_bbp_topic_count_hidden":0,"_bbp_reply_count_hidden":0,"_bbp_forum_subforum_count":0,"footnotes":""},"categories":[125,113,110,1,116,29],"tags":[],"class_list":["post-8514","post","type-post","status-publish","format-standard","has-post-thumbnail","hentry","category-catala","category-e-infantil","category-escola-abat-ruera","category-general","category-medi","category-portada"],"post_mailing_queue_ids":[],"_links":{"self":[{"href":"https:\/\/agora.xtec.cat\/zer-pedrera\/wp-json\/wp\/v2\/posts\/8514","targetHints":{"allow":["GET"]}}],"collection":[{"href":"https:\/\/agora.xtec.cat\/zer-pedrera\/wp-json\/wp\/v2\/posts"}],"about":[{"href":"https:\/\/agora.xtec.cat\/zer-pedrera\/wp-json\/wp\/v2\/types\/post"}],"author":[{"embeddable":true,"href":"https:\/\/agora.xtec.cat\/zer-pedrera\/wp-json\/wp\/v2\/users\/1"}],"replies":[{"embeddable":true,"href":"https:\/\/agora.xtec.cat\/zer-pedrera\/wp-json\/wp\/v2\/comments?post=8514"}],"version-history":[{"count":1,"href":"https:\/\/agora.xtec.cat\/zer-pedrera\/wp-json\/wp\/v2\/posts\/8514\/revisions"}],"predecessor-version":[{"id":8516,"href":"https:\/\/agora.xtec.cat\/zer-pedrera\/wp-json\/wp\/v2\/posts\/8514\/revisions\/8516"}],"wp:featuredmedia":[{"embeddable":true,"href":"https:\/\/agora.xtec.cat\/zer-pedrera\/wp-json\/wp\/v2\/media\/8515"}],"wp:attachment":[{"href":"https:\/\/agora.xtec.cat\/zer-pedrera\/wp-json\/wp\/v2\/media?parent=8514"}],"wp:term":[{"taxonomy":"category","embeddable":true,"href":"https:\/\/agora.xtec.cat\/zer-pedrera\/wp-json\/wp\/v2\/categories?post=8514"},{"taxonomy":"post_tag","embeddable":true,"href":"https:\/\/agora.xtec.cat\/zer-pedrera\/wp-json\/wp\/v2\/tags?post=8514"}],"curies":[{"name":"wp","href":"https:\/\/api.w.org\/{rel}","templated":true}]}}