{"id":8501,"date":"2024-10-11T14:44:44","date_gmt":"2024-10-11T12:44:44","guid":{"rendered":"https:\/\/agora.xtec.cat\/zer-pedrera\/?p=8501"},"modified":"2024-10-11T14:44:44","modified_gmt":"2024-10-11T12:44:44","slug":"apadrinament-lector-alumnat-escola-porcel-de-cervera","status":"publish","type":"post","link":"https:\/\/agora.xtec.cat\/zer-pedrera\/general\/apadrinament-lector-alumnat-escola-porcel-de-cervera\/","title":{"rendered":"Apadrinament lector. Alumnat escola Porcel de Cervera."},"content":{"rendered":"<p><span style=\"font-weight: 400;\">El m\u00f3n de la lectura \u00e9s una porta oberta a noves aventures, coneixements i emocions. A l\u2019escola, el programa d\u2019apadrinament lector \u00e9s eina essencial per fomentar l\u2019amor per la lectura entre els alumnes. Per\u00f2, qu\u00e8 \u00e9s exactament l\u2019apadrinament lector i com pot beneficiar tant als petits lectors com als grans? Doncs \u00e9s un programa que emparella alumnes m\u00e9s grans amb alumnes m\u00e9s petits amb l&#8217;objectiu de fomentar la lectura. Els alumnes de cursos superiors actuen com a \u201cpadrins\u201d dels m\u00e9s petits, ajudant-los a descobrir el plaer de llegir. Aquesta iniciativa no nom\u00e9s millora les habilitats de lectura dels m\u00e9s petits, sin\u00f3 que tamb\u00e9 fomenta l&#8217;empatia i la responsabilitat en els padrins.<\/span><\/p>\n<p><img loading=\"lazy\" decoding=\"async\" class=\"aligncenter\" src=\"https:\/\/agora.xtec.cat\/zer-pedrera\/wp-content\/uploads\/usu1473\/2024\/10\/portada-3.jpg\" width=\"93\" height=\"70\" \/><a href=\"https:\/\/photos.app.goo.gl\/4gRdphYfZAHzZ24CA\">https:\/\/photos.app.goo.gl\/4gRdphYfZAHzZ24CA<\/a><\/p>\n<p>&nbsp;<\/p>\n<p>&nbsp;<\/p>\n<p>&nbsp;<\/p>\n<p>&nbsp;<\/p>\n<p>&nbsp;<\/p>\n<p>&nbsp;<\/p>\n","protected":false},"excerpt":{"rendered":"<p>El m\u00f3n de la lectura \u00e9s una porta oberta a noves aventures, coneixements i emocions. A l\u2019escola, el programa d\u2019apadrinament lector \u00e9s eina essencial per fomentar l\u2019amor per la lectura entre els alumnes. Per\u00f2, qu\u00e8 \u00e9s exactament l\u2019apadrinament lector i com pot beneficiar tant als&hellip;  <a href=\"https:\/\/agora.xtec.cat\/zer-pedrera\/general\/apadrinament-lector-alumnat-escola-porcel-de-cervera\/\" title=\"Read Apadrinament lector. Alumnat escola Porcel de Cervera.\">Llegeix m\u00e9s\u00bb<\/a><\/p>\n","protected":false},"author":1,"featured_media":8504,"comment_status":"open","ping_status":"closed","sticky":false,"template":"","format":"standard","meta":{"_bbp_topic_count":0,"_bbp_reply_count":0,"_bbp_total_topic_count":0,"_bbp_total_reply_count":0,"_bbp_voice_count":0,"_bbp_anonymous_reply_count":0,"_bbp_topic_count_hidden":0,"_bbp_reply_count_hidden":0,"_bbp_forum_subforum_count":0,"footnotes":""},"categories":[113,111,1,29,89],"tags":[],"class_list":["post-8501","post","type-post","status-publish","format-standard","has-post-thumbnail","hentry","category-e-infantil","category-escola-porcel-de-cervera","category-general","category-portada","category-primaria"],"post_mailing_queue_ids":[],"_links":{"self":[{"href":"https:\/\/agora.xtec.cat\/zer-pedrera\/wp-json\/wp\/v2\/posts\/8501","targetHints":{"allow":["GET"]}}],"collection":[{"href":"https:\/\/agora.xtec.cat\/zer-pedrera\/wp-json\/wp\/v2\/posts"}],"about":[{"href":"https:\/\/agora.xtec.cat\/zer-pedrera\/wp-json\/wp\/v2\/types\/post"}],"author":[{"embeddable":true,"href":"https:\/\/agora.xtec.cat\/zer-pedrera\/wp-json\/wp\/v2\/users\/1"}],"replies":[{"embeddable":true,"href":"https:\/\/agora.xtec.cat\/zer-pedrera\/wp-json\/wp\/v2\/comments?post=8501"}],"version-history":[{"count":1,"href":"https:\/\/agora.xtec.cat\/zer-pedrera\/wp-json\/wp\/v2\/posts\/8501\/revisions"}],"predecessor-version":[{"id":8505,"href":"https:\/\/agora.xtec.cat\/zer-pedrera\/wp-json\/wp\/v2\/posts\/8501\/revisions\/8505"}],"wp:featuredmedia":[{"embeddable":true,"href":"https:\/\/agora.xtec.cat\/zer-pedrera\/wp-json\/wp\/v2\/media\/8504"}],"wp:attachment":[{"href":"https:\/\/agora.xtec.cat\/zer-pedrera\/wp-json\/wp\/v2\/media?parent=8501"}],"wp:term":[{"taxonomy":"category","embeddable":true,"href":"https:\/\/agora.xtec.cat\/zer-pedrera\/wp-json\/wp\/v2\/categories?post=8501"},{"taxonomy":"post_tag","embeddable":true,"href":"https:\/\/agora.xtec.cat\/zer-pedrera\/wp-json\/wp\/v2\/tags?post=8501"}],"curies":[{"name":"wp","href":"https:\/\/api.w.org\/{rel}","templated":true}]}}