{"id":8485,"date":"2024-10-11T09:46:04","date_gmt":"2024-10-11T07:46:04","guid":{"rendered":"https:\/\/agora.xtec.cat\/zer-pedrera\/?p=8485"},"modified":"2024-10-11T09:46:04","modified_gmt":"2024-10-11T07:46:04","slug":"ei-de-lescola-abat-ruera-matematiques-a-i1-i-i2","status":"publish","type":"post","link":"https:\/\/agora.xtec.cat\/zer-pedrera\/general\/ei-de-lescola-abat-ruera-matematiques-a-i1-i-i2\/","title":{"rendered":"EI de l&#8217;escola Abat Ruera. Matem\u00e0tiques a I1 i I2"},"content":{"rendered":"<p>El llenguatge matem\u00e0tic est\u00e0 present en el nostre entorn. L&#8217;alumnat d&#8217;I1 i d&#8217;I2 ho han pogut descobrir a partir d&#8217;elements de la tardor. A partir de castanyes, fulles, pinyes&#8230; han fet seriacions. Tots tres alumnes han treballat individualment, per\u00f2 tamb\u00e9 han col\u00b7laborat entre ells per portar a terme les seves seriacions.<\/p>\n<p>Per veure m\u00e9s imatges clicar damunt de la fotografia.<\/p>\n<p><a href=\"https:\/\/photos.app.goo.gl\/K5Dnan7MLr9JCCns5\" target=\"_blank\" rel=\"noopener\"><img loading=\"lazy\" decoding=\"async\" class=\"alignnone size-full wp-image-8487\" src=\"https:\/\/agora.xtec.cat\/zer-pedrera\/wp-content\/uploads\/usu1473\/2024\/10\/IMG-20241003-WA0059.jpg\" alt=\"\" width=\"350\" height=\"467\" srcset=\"https:\/\/agora.xtec.cat\/zer-pedrera\/wp-content\/uploads\/usu1473\/2024\/10\/IMG-20241003-WA0059.jpg 350w, https:\/\/agora.xtec.cat\/zer-pedrera\/wp-content\/uploads\/usu1473\/2024\/10\/IMG-20241003-WA0059-225x300.jpg 225w\" sizes=\"auto, (max-width: 350px) 100vw, 350px\" \/><\/a><\/p>\n<p>&nbsp;<\/p>\n<p>&nbsp;<\/p>\n","protected":false},"excerpt":{"rendered":"<p>El llenguatge matem\u00e0tic est\u00e0 present en el nostre entorn. L&#8217;alumnat d&#8217;I1 i d&#8217;I2 ho han pogut descobrir a partir d&#8217;elements de la tardor. A partir de castanyes, fulles, pinyes&#8230; han fet seriacions. Tots tres alumnes han treballat individualment, per\u00f2 tamb\u00e9 han col\u00b7laborat entre ells per&hellip;  <a href=\"https:\/\/agora.xtec.cat\/zer-pedrera\/general\/ei-de-lescola-abat-ruera-matematiques-a-i1-i-i2\/\" title=\"Read EI de l&#8217;escola Abat Ruera. Matem\u00e0tiques a I1 i I2\">Llegeix m\u00e9s\u00bb<\/a><\/p>\n","protected":false},"author":1,"featured_media":8487,"comment_status":"open","ping_status":"closed","sticky":false,"template":"","format":"standard","meta":{"_bbp_topic_count":0,"_bbp_reply_count":0,"_bbp_total_topic_count":0,"_bbp_total_reply_count":0,"_bbp_voice_count":0,"_bbp_anonymous_reply_count":0,"_bbp_topic_count_hidden":0,"_bbp_reply_count_hidden":0,"_bbp_forum_subforum_count":0,"footnotes":""},"categories":[113,110,1,126,116,29],"tags":[],"class_list":["post-8485","post","type-post","status-publish","format-standard","has-post-thumbnail","hentry","category-e-infantil","category-escola-abat-ruera","category-general","category-matematiques","category-medi","category-portada"],"post_mailing_queue_ids":[],"_links":{"self":[{"href":"https:\/\/agora.xtec.cat\/zer-pedrera\/wp-json\/wp\/v2\/posts\/8485","targetHints":{"allow":["GET"]}}],"collection":[{"href":"https:\/\/agora.xtec.cat\/zer-pedrera\/wp-json\/wp\/v2\/posts"}],"about":[{"href":"https:\/\/agora.xtec.cat\/zer-pedrera\/wp-json\/wp\/v2\/types\/post"}],"author":[{"embeddable":true,"href":"https:\/\/agora.xtec.cat\/zer-pedrera\/wp-json\/wp\/v2\/users\/1"}],"replies":[{"embeddable":true,"href":"https:\/\/agora.xtec.cat\/zer-pedrera\/wp-json\/wp\/v2\/comments?post=8485"}],"version-history":[{"count":3,"href":"https:\/\/agora.xtec.cat\/zer-pedrera\/wp-json\/wp\/v2\/posts\/8485\/revisions"}],"predecessor-version":[{"id":8489,"href":"https:\/\/agora.xtec.cat\/zer-pedrera\/wp-json\/wp\/v2\/posts\/8485\/revisions\/8489"}],"wp:featuredmedia":[{"embeddable":true,"href":"https:\/\/agora.xtec.cat\/zer-pedrera\/wp-json\/wp\/v2\/media\/8487"}],"wp:attachment":[{"href":"https:\/\/agora.xtec.cat\/zer-pedrera\/wp-json\/wp\/v2\/media?parent=8485"}],"wp:term":[{"taxonomy":"category","embeddable":true,"href":"https:\/\/agora.xtec.cat\/zer-pedrera\/wp-json\/wp\/v2\/categories?post=8485"},{"taxonomy":"post_tag","embeddable":true,"href":"https:\/\/agora.xtec.cat\/zer-pedrera\/wp-json\/wp\/v2\/tags?post=8485"}],"curies":[{"name":"wp","href":"https:\/\/api.w.org\/{rel}","templated":true}]}}