{"id":8462,"date":"2024-10-06T23:01:41","date_gmt":"2024-10-06T21:01:41","guid":{"rendered":"https:\/\/agora.xtec.cat\/zer-pedrera\/?p=8462"},"modified":"2024-10-06T23:01:41","modified_gmt":"2024-10-06T21:01:41","slug":"ei-de-lescola-abat-ruera-aprenem-a-partir-de-racons","status":"publish","type":"post","link":"https:\/\/agora.xtec.cat\/zer-pedrera\/general\/ei-de-lescola-abat-ruera-aprenem-a-partir-de-racons\/","title":{"rendered":"EI de l&#8217;escola Abat Ruera. Aprenem a partir de racons"},"content":{"rendered":"<p>El treball de la lectoescriptura \u00e9s essencial a l&#8217;etapa d&#8217;Educaci\u00f3 Infantil. Qualsevol tema \u00e9s un punt de partida per endinsar l&#8217;alumnat al m\u00e0gic m\u00f3n de la lectura i de l&#8217;escriptura.<br \/>\nA partir de racons i de diverses activitats adaptades al nivell maduratiu del nostre alumnat, l&#8217;alumnat han apr\u00e8s a llegir i escriure paraules t\u00edpiques de l&#8217;estaci\u00f3 de la tardor.<\/p>\n<p>Voleu veure imatges de l&#8217;activitat? Doncs, heu de clicar damunt de la fotografia.<\/p>\n<p><a href=\"https:\/\/photos.app.goo.gl\/k7DqV55znGc15rb79\" target=\"_blank\" rel=\"noopener\"><img loading=\"lazy\" decoding=\"async\" class=\"alignnone size-full wp-image-8463\" src=\"https:\/\/agora.xtec.cat\/zer-pedrera\/wp-content\/uploads\/usu1473\/2024\/10\/IMG-20240930-WA0019.jpg\" alt=\"\" width=\"300\" height=\"225\" srcset=\"https:\/\/agora.xtec.cat\/zer-pedrera\/wp-content\/uploads\/usu1473\/2024\/10\/IMG-20240930-WA0019.jpg 300w, https:\/\/agora.xtec.cat\/zer-pedrera\/wp-content\/uploads\/usu1473\/2024\/10\/IMG-20240930-WA0019-200x150.jpg 200w\" sizes=\"auto, (max-width: 300px) 100vw, 300px\" \/><\/a><\/p>\n<p>&nbsp;<\/p>\n","protected":false},"excerpt":{"rendered":"<p>El treball de la lectoescriptura \u00e9s essencial a l&#8217;etapa d&#8217;Educaci\u00f3 Infantil. Qualsevol tema \u00e9s un punt de partida per endinsar l&#8217;alumnat al m\u00e0gic m\u00f3n de la lectura i de l&#8217;escriptura.<br \/>\nA partir de racons i de diverses activitats adaptades al nivell maduratiu del nostre alumnat, l&#8217;alumnat&hellip;  <a href=\"https:\/\/agora.xtec.cat\/zer-pedrera\/general\/ei-de-lescola-abat-ruera-aprenem-a-partir-de-racons\/\" title=\"Read EI de l&#8217;escola Abat Ruera. Aprenem a partir de racons\">Llegeix m\u00e9s\u00bb<\/a><\/p>\n","protected":false},"author":1,"featured_media":8463,"comment_status":"open","ping_status":"closed","sticky":false,"template":"","format":"standard","meta":{"_bbp_topic_count":0,"_bbp_reply_count":0,"_bbp_total_topic_count":0,"_bbp_total_reply_count":0,"_bbp_voice_count":0,"_bbp_anonymous_reply_count":0,"_bbp_topic_count_hidden":0,"_bbp_reply_count_hidden":0,"_bbp_forum_subforum_count":0,"footnotes":""},"categories":[125,113,110,1,116,29,120],"tags":[],"class_list":["post-8462","post","type-post","status-publish","format-standard","has-post-thumbnail","hentry","category-catala","category-e-infantil","category-escola-abat-ruera","category-general","category-medi","category-portada","category-projectes"],"post_mailing_queue_ids":[],"_links":{"self":[{"href":"https:\/\/agora.xtec.cat\/zer-pedrera\/wp-json\/wp\/v2\/posts\/8462","targetHints":{"allow":["GET"]}}],"collection":[{"href":"https:\/\/agora.xtec.cat\/zer-pedrera\/wp-json\/wp\/v2\/posts"}],"about":[{"href":"https:\/\/agora.xtec.cat\/zer-pedrera\/wp-json\/wp\/v2\/types\/post"}],"author":[{"embeddable":true,"href":"https:\/\/agora.xtec.cat\/zer-pedrera\/wp-json\/wp\/v2\/users\/1"}],"replies":[{"embeddable":true,"href":"https:\/\/agora.xtec.cat\/zer-pedrera\/wp-json\/wp\/v2\/comments?post=8462"}],"version-history":[{"count":1,"href":"https:\/\/agora.xtec.cat\/zer-pedrera\/wp-json\/wp\/v2\/posts\/8462\/revisions"}],"predecessor-version":[{"id":8464,"href":"https:\/\/agora.xtec.cat\/zer-pedrera\/wp-json\/wp\/v2\/posts\/8462\/revisions\/8464"}],"wp:featuredmedia":[{"embeddable":true,"href":"https:\/\/agora.xtec.cat\/zer-pedrera\/wp-json\/wp\/v2\/media\/8463"}],"wp:attachment":[{"href":"https:\/\/agora.xtec.cat\/zer-pedrera\/wp-json\/wp\/v2\/media?parent=8462"}],"wp:term":[{"taxonomy":"category","embeddable":true,"href":"https:\/\/agora.xtec.cat\/zer-pedrera\/wp-json\/wp\/v2\/categories?post=8462"},{"taxonomy":"post_tag","embeddable":true,"href":"https:\/\/agora.xtec.cat\/zer-pedrera\/wp-json\/wp\/v2\/tags?post=8462"}],"curies":[{"name":"wp","href":"https:\/\/api.w.org\/{rel}","templated":true}]}}