{"id":8452,"date":"2024-10-06T22:33:07","date_gmt":"2024-10-06T20:33:07","guid":{"rendered":"https:\/\/agora.xtec.cat\/zer-pedrera\/?p=8452"},"modified":"2024-10-06T22:42:49","modified_gmt":"2024-10-06T20:42:49","slug":"cm-i-cs-de-lescola-abat-ruera-el-nostre-nom","status":"publish","type":"post","link":"https:\/\/agora.xtec.cat\/zer-pedrera\/general\/cm-i-cs-de-lescola-abat-ruera-el-nostre-nom\/","title":{"rendered":"CM i CS de l&#8217;escola Abat Ruera. El nostre nom"},"content":{"rendered":"<p>A les \u00faltimes classes de pl\u00e0stica, els nostres alumnes m\u00e9s grans s&#8217;han convertit en maquetistes del seu nom, activitat que fomenta la creaci\u00f3 de la identitat personal. Aix\u00ed doncs, cada estudiant ha fet sorgir el seu talent art\u00edstic seguint els seg\u00fcents passos:<\/p>\n<ol>\n<li>Plantejar la maqueta, en relaci\u00f3 amb el disseny, tipografia i grand\u00e0ria de les lletres.<\/li>\n<li>Esbossar la proposta a llapis.<\/li>\n<li>Pintar les lletres, havent elegit colors i formes, on han deixat captar diferents estils personals.<\/li>\n<li>Retall de les lletres, cosa que ha perm\u00e8s la concentraci\u00f3 plena en la tasca.<\/li>\n<li>Fixar les lletres retallades amb cart\u00f3.<\/li>\n<li>Retall de les lletres novament.<\/li>\n<li>Adherir les lletres retallades sobre una base de cart\u00f3, impulsant la percepci\u00f3 de l&#8217;espai, l&#8217;est\u00e8tica i l&#8217;harmonia del disseny.<\/li>\n<\/ol>\n<p>Per veure m\u00e9s imatges clicar damunt de la fotografia.<\/p>\n<p><a href=\"https:\/\/photos.app.goo.gl\/NN1qQQFBRt8TXpdA9\" target=\"_blank\" rel=\"noopener\"><img loading=\"lazy\" decoding=\"async\" class=\"alignnone size-full wp-image-8456\" src=\"https:\/\/agora.xtec.cat\/zer-pedrera\/wp-content\/uploads\/usu1473\/2024\/10\/IMG-20241004-WA0023.jpg\" alt=\"\" width=\"300\" height=\"400\" srcset=\"https:\/\/agora.xtec.cat\/zer-pedrera\/wp-content\/uploads\/usu1473\/2024\/10\/IMG-20241004-WA0023.jpg 300w, https:\/\/agora.xtec.cat\/zer-pedrera\/wp-content\/uploads\/usu1473\/2024\/10\/IMG-20241004-WA0023-225x300.jpg 225w\" sizes=\"auto, (max-width: 300px) 100vw, 300px\" \/><\/a><\/p>\n","protected":false},"excerpt":{"rendered":"<p>A les \u00faltimes classes de pl\u00e0stica, els nostres alumnes m\u00e9s grans s&#8217;han convertit en maquetistes del seu nom, activitat que fomenta la creaci\u00f3 de la identitat personal. Aix\u00ed doncs, cada estudiant ha fet sorgir el seu talent art\u00edstic seguint els seg\u00fcents passos:<\/p>\n<ol>\n<li>Plantejar la maqueta, en&hellip;  <a href=\"https:\/\/agora.xtec.cat\/zer-pedrera\/general\/cm-i-cs-de-lescola-abat-ruera-el-nostre-nom\/\" title=\"Read CM i CS de l&#8217;escola Abat Ruera. El nostre nom\">Llegeix m\u00e9s\u00bb<\/a><br \/>\n","protected":false},"author":1,"featured_media":8456,"comment_status":"open","ping_status":"closed","sticky":false,"template":"","format":"standard","meta":{"_bbp_topic_count":0,"_bbp_reply_count":0,"_bbp_total_topic_count":0,"_bbp_total_reply_count":0,"_bbp_voice_count":0,"_bbp_anonymous_reply_count":0,"_bbp_topic_count_hidden":0,"_bbp_reply_count_hidden":0,"_bbp_forum_subforum_count":0,"footnotes":""},"categories":[110,1,119,29,89],"tags":[],"class_list":["post-8452","post","type-post","status-publish","format-standard","has-post-thumbnail","hentry","category-escola-abat-ruera","category-general","category-plastica","category-portada","category-primaria"],"post_mailing_queue_ids":[],"_links":{"self":[{"href":"https:\/\/agora.xtec.cat\/zer-pedrera\/wp-json\/wp\/v2\/posts\/8452","targetHints":{"allow":["GET"]}}],"collection":[{"href":"https:\/\/agora.xtec.cat\/zer-pedrera\/wp-json\/wp\/v2\/posts"}],"about":[{"href":"https:\/\/agora.xtec.cat\/zer-pedrera\/wp-json\/wp\/v2\/types\/post"}],"author":[{"embeddable":true,"href":"https:\/\/agora.xtec.cat\/zer-pedrera\/wp-json\/wp\/v2\/users\/1"}],"replies":[{"embeddable":true,"href":"https:\/\/agora.xtec.cat\/zer-pedrera\/wp-json\/wp\/v2\/comments?post=8452"}],"version-history":[{"count":3,"href":"https:\/\/agora.xtec.cat\/zer-pedrera\/wp-json\/wp\/v2\/posts\/8452\/revisions"}],"predecessor-version":[{"id":8458,"href":"https:\/\/agora.xtec.cat\/zer-pedrera\/wp-json\/wp\/v2\/posts\/8452\/revisions\/8458"}],"wp:featuredmedia":[{"embeddable":true,"href":"https:\/\/agora.xtec.cat\/zer-pedrera\/wp-json\/wp\/v2\/media\/8456"}],"wp:attachment":[{"href":"https:\/\/agora.xtec.cat\/zer-pedrera\/wp-json\/wp\/v2\/media?parent=8452"}],"wp:term":[{"taxonomy":"category","embeddable":true,"href":"https:\/\/agora.xtec.cat\/zer-pedrera\/wp-json\/wp\/v2\/categories?post=8452"},{"taxonomy":"post_tag","embeddable":true,"href":"https:\/\/agora.xtec.cat\/zer-pedrera\/wp-json\/wp\/v2\/tags?post=8452"}],"curies":[{"name":"wp","href":"https:\/\/api.w.org\/{rel}","templated":true}]}}