{"id":8442,"date":"2024-10-04T14:30:47","date_gmt":"2024-10-04T12:30:47","guid":{"rendered":"https:\/\/agora.xtec.cat\/zer-pedrera\/?p=8442"},"modified":"2024-10-04T14:41:19","modified_gmt":"2024-10-04T12:41:19","slug":"sortida-de-germanor-porcel-de-cervera-2","status":"publish","type":"post","link":"https:\/\/agora.xtec.cat\/zer-pedrera\/general\/sortida-de-germanor-porcel-de-cervera-2\/","title":{"rendered":"Sortida de germanor Porcel de Cervera"},"content":{"rendered":"<p><span style=\"font-weight: 400;\">La sortida de germanor a la taula de pedra va ser una forma perfecta de gaudir del bon temps i enfortir els lla\u00e7os entre tots els membres de l&#8217;escola. Passar el dia junts en un entorn natural no sols fomenta la conviv\u00e8ncia, sin\u00f3 que tamb\u00e9 permet als nens explorar i apreciar la bellesa de la naturalesa.<\/span><span style=\"font-weight: 400;\"><br \/>\n<\/span><span style=\"font-weight: 400;\"><br \/>\n<\/span><span style=\"font-weight: 400;\">A m\u00e9s, aquestes activitats a l&#8217;aire lliure s\u00f3n ideals per a promoure el treball en equip i la col\u00b7laboraci\u00f3. Ja sigui jugant, compartint un p\u00edcnic o simplement gaudint de la companyia dels altres, cada moment es converteix en una oportunitat per a crear records inoblidables.<\/span><span style=\"font-weight: 400;\">\u00a0 I per arrodonir la jornada vam trobar el tresor de que vam amagar fa dos anys amb el nostres millors desitjos.<\/span><\/p>\n<p>&nbsp;<\/p>\n<p>Cliqueu enlla\u00e7 per veure les fotos <a href=\"https:\/\/photos.app.goo.gl\/YPiFa4HfF3g1H9cv5\">https:\/\/photos.app.goo.gl\/YPiFa4HfF3g1H9cv5<\/a><\/p>\n","protected":false},"excerpt":{"rendered":"<p>La sortida de germanor a la taula de pedra va ser una forma perfecta de gaudir del bon temps i enfortir els lla\u00e7os entre tots els membres de l&#8217;escola. Passar el dia junts en un entorn natural no sols fomenta la conviv\u00e8ncia, sin\u00f3 que tamb\u00e9&hellip;  <a href=\"https:\/\/agora.xtec.cat\/zer-pedrera\/general\/sortida-de-germanor-porcel-de-cervera-2\/\" title=\"Read Sortida de germanor Porcel de Cervera\">Llegeix m\u00e9s\u00bb<\/a><\/p>\n","protected":false},"author":1,"featured_media":8446,"comment_status":"open","ping_status":"closed","sticky":false,"template":"","format":"standard","meta":{"_bbp_topic_count":0,"_bbp_reply_count":0,"_bbp_total_topic_count":0,"_bbp_total_reply_count":0,"_bbp_voice_count":0,"_bbp_anonymous_reply_count":0,"_bbp_topic_count_hidden":0,"_bbp_reply_count_hidden":0,"_bbp_forum_subforum_count":0,"footnotes":""},"categories":[111,1,29,89],"tags":[],"class_list":["post-8442","post","type-post","status-publish","format-standard","has-post-thumbnail","hentry","category-escola-porcel-de-cervera","category-general","category-portada","category-primaria"],"post_mailing_queue_ids":[],"_links":{"self":[{"href":"https:\/\/agora.xtec.cat\/zer-pedrera\/wp-json\/wp\/v2\/posts\/8442","targetHints":{"allow":["GET"]}}],"collection":[{"href":"https:\/\/agora.xtec.cat\/zer-pedrera\/wp-json\/wp\/v2\/posts"}],"about":[{"href":"https:\/\/agora.xtec.cat\/zer-pedrera\/wp-json\/wp\/v2\/types\/post"}],"author":[{"embeddable":true,"href":"https:\/\/agora.xtec.cat\/zer-pedrera\/wp-json\/wp\/v2\/users\/1"}],"replies":[{"embeddable":true,"href":"https:\/\/agora.xtec.cat\/zer-pedrera\/wp-json\/wp\/v2\/comments?post=8442"}],"version-history":[{"count":4,"href":"https:\/\/agora.xtec.cat\/zer-pedrera\/wp-json\/wp\/v2\/posts\/8442\/revisions"}],"predecessor-version":[{"id":8449,"href":"https:\/\/agora.xtec.cat\/zer-pedrera\/wp-json\/wp\/v2\/posts\/8442\/revisions\/8449"}],"wp:featuredmedia":[{"embeddable":true,"href":"https:\/\/agora.xtec.cat\/zer-pedrera\/wp-json\/wp\/v2\/media\/8446"}],"wp:attachment":[{"href":"https:\/\/agora.xtec.cat\/zer-pedrera\/wp-json\/wp\/v2\/media?parent=8442"}],"wp:term":[{"taxonomy":"category","embeddable":true,"href":"https:\/\/agora.xtec.cat\/zer-pedrera\/wp-json\/wp\/v2\/categories?post=8442"},{"taxonomy":"post_tag","embeddable":true,"href":"https:\/\/agora.xtec.cat\/zer-pedrera\/wp-json\/wp\/v2\/tags?post=8442"}],"curies":[{"name":"wp","href":"https:\/\/api.w.org\/{rel}","templated":true}]}}