{"id":8439,"date":"2024-10-11T13:47:45","date_gmt":"2024-10-11T11:47:45","guid":{"rendered":"https:\/\/agora.xtec.cat\/zer-pedrera\/?p=8439"},"modified":"2024-10-11T13:47:45","modified_gmt":"2024-10-11T11:47:45","slug":"fem-suc-de-raim-alumnat-porcel-de-cervera","status":"publish","type":"post","link":"https:\/\/agora.xtec.cat\/zer-pedrera\/general\/fem-suc-de-raim-alumnat-porcel-de-cervera\/","title":{"rendered":"Fem suc de ra\u00efm. Alumnat Porcel de Cervera."},"content":{"rendered":"<p><span style=\"font-weight: 400;\">Manipular el ra\u00efm durant la verema \u00e9s una excel\u00b7lent manera d&#8217;aprendre mentre es gaudeix del proc\u00e9s. En desgranar-les, pelar-les i treure les llavors, els nens no sols es diverteixen, sin\u00f3 que tamb\u00e9 desenvolupen habilitats importants. <\/span><span style=\"font-weight: 400;\">Treballar amb el ra\u00efm els permet practicar matem\u00e0tiques de manera pr\u00e0ctica, com comptar els grans o classificar el ra\u00efm per grand\u00e0ria o color. A m\u00e9s, la manipulaci\u00f3 dels grans ajuda a millorar la psicomotricitat fina, ja que requereix coordinaci\u00f3 i destresa en els moviments de les mans. <\/span><span style=\"font-weight: 400;\">El millor de tot \u00e9s que, en combinar l&#8217;aprenentatge amb una activitat tan l\u00fadica, els nens poden gaudir del moment i crear records positius.<\/span><span style=\"font-weight: 400;\">\u00a0<\/span><\/p>\n<p>Cliqueu l&#8217;enlla\u00e7.<a href=\"https:\/\/photos.app.goo.gl\/6ASQstJQcfJRCrTP8\">https:\/\/photos.app.goo.gl\/6ASQstJQcfJRCrTP8<\/a><\/p>\n","protected":false},"excerpt":{"rendered":"<p>Manipular el ra\u00efm durant la verema \u00e9s una excel\u00b7lent manera d&#8217;aprendre mentre es gaudeix del proc\u00e9s. En desgranar-les, pelar-les i treure les llavors, els nens no sols es diverteixen, sin\u00f3 que tamb\u00e9 desenvolupen habilitats importants. Treballar amb el ra\u00efm els permet practicar matem\u00e0tiques de manera&hellip;  <a href=\"https:\/\/agora.xtec.cat\/zer-pedrera\/general\/fem-suc-de-raim-alumnat-porcel-de-cervera\/\" title=\"Read Fem suc de ra\u00efm. Alumnat Porcel de Cervera.\">Llegeix m\u00e9s\u00bb<\/a><\/p>\n","protected":false},"author":1,"featured_media":8450,"comment_status":"open","ping_status":"closed","sticky":false,"template":"","format":"standard","meta":{"_bbp_topic_count":0,"_bbp_reply_count":0,"_bbp_total_topic_count":0,"_bbp_total_reply_count":0,"_bbp_voice_count":0,"_bbp_anonymous_reply_count":0,"_bbp_topic_count_hidden":0,"_bbp_reply_count_hidden":0,"_bbp_forum_subforum_count":0,"footnotes":""},"categories":[113,111,1,29,89],"tags":[],"class_list":["post-8439","post","type-post","status-publish","format-standard","has-post-thumbnail","hentry","category-e-infantil","category-escola-porcel-de-cervera","category-general","category-portada","category-primaria"],"post_mailing_queue_ids":[],"_links":{"self":[{"href":"https:\/\/agora.xtec.cat\/zer-pedrera\/wp-json\/wp\/v2\/posts\/8439","targetHints":{"allow":["GET"]}}],"collection":[{"href":"https:\/\/agora.xtec.cat\/zer-pedrera\/wp-json\/wp\/v2\/posts"}],"about":[{"href":"https:\/\/agora.xtec.cat\/zer-pedrera\/wp-json\/wp\/v2\/types\/post"}],"author":[{"embeddable":true,"href":"https:\/\/agora.xtec.cat\/zer-pedrera\/wp-json\/wp\/v2\/users\/1"}],"replies":[{"embeddable":true,"href":"https:\/\/agora.xtec.cat\/zer-pedrera\/wp-json\/wp\/v2\/comments?post=8439"}],"version-history":[{"count":3,"href":"https:\/\/agora.xtec.cat\/zer-pedrera\/wp-json\/wp\/v2\/posts\/8439\/revisions"}],"predecessor-version":[{"id":8451,"href":"https:\/\/agora.xtec.cat\/zer-pedrera\/wp-json\/wp\/v2\/posts\/8439\/revisions\/8451"}],"wp:featuredmedia":[{"embeddable":true,"href":"https:\/\/agora.xtec.cat\/zer-pedrera\/wp-json\/wp\/v2\/media\/8450"}],"wp:attachment":[{"href":"https:\/\/agora.xtec.cat\/zer-pedrera\/wp-json\/wp\/v2\/media?parent=8439"}],"wp:term":[{"taxonomy":"category","embeddable":true,"href":"https:\/\/agora.xtec.cat\/zer-pedrera\/wp-json\/wp\/v2\/categories?post=8439"},{"taxonomy":"post_tag","embeddable":true,"href":"https:\/\/agora.xtec.cat\/zer-pedrera\/wp-json\/wp\/v2\/tags?post=8439"}],"curies":[{"name":"wp","href":"https:\/\/api.w.org\/{rel}","templated":true}]}}