{"id":8427,"date":"2024-09-30T20:05:46","date_gmt":"2024-09-30T18:05:46","guid":{"rendered":"https:\/\/agora.xtec.cat\/zer-pedrera\/?p=8427"},"modified":"2024-09-30T20:05:46","modified_gmt":"2024-09-30T18:05:46","slug":"ei-de-lescola-abat-ruera-estampacio-2","status":"publish","type":"post","link":"https:\/\/agora.xtec.cat\/zer-pedrera\/portada\/ei-de-lescola-abat-ruera-estampacio-2\/","title":{"rendered":"EI de l&#8217;escola Abat Ruera. Estampaci\u00f3"},"content":{"rendered":"<p>La tardor ha arribat!<\/p>\n<p>I la nostra escola \u00e9s plena d&#8217;emoci\u00f3! Aquesta estaci\u00f3 no nom\u00e9s comporta temperatures m\u00e9s fresques i paisatges colorits, sin\u00f3 tamb\u00e9 una oportunitat \u00fanica per realitzar activitats educatives i divertides que connecten els nostres nens i nenes amb la natura i les tradicions de tardor. A continuaci\u00f3. us presentem l&#8217;activitat de l&#8217;estampaci\u00f3.<\/p>\n<p>Per veure m\u00e9s fotografies clicar damunt de la imatge.<\/p>\n<p><a href=\"https:\/\/photos.app.goo.gl\/PNyQdpQ3uupYqKtG9\" target=\"_blank\" rel=\"noopener\"><img loading=\"lazy\" decoding=\"async\" class=\"alignnone size-full wp-image-8428\" src=\"https:\/\/agora.xtec.cat\/zer-pedrera\/wp-content\/uploads\/usu1473\/2024\/09\/IMG-20240930-WA0026.jpg\" alt=\"\" width=\"300\" height=\"400\" srcset=\"https:\/\/agora.xtec.cat\/zer-pedrera\/wp-content\/uploads\/usu1473\/2024\/09\/IMG-20240930-WA0026.jpg 300w, https:\/\/agora.xtec.cat\/zer-pedrera\/wp-content\/uploads\/usu1473\/2024\/09\/IMG-20240930-WA0026-225x300.jpg 225w\" sizes=\"auto, (max-width: 300px) 100vw, 300px\" \/><\/a><\/p>\n","protected":false},"excerpt":{"rendered":"<p>La tardor ha arribat!<br \/>\nI la nostra escola \u00e9s plena d&#8217;emoci\u00f3! Aquesta estaci\u00f3 no nom\u00e9s comporta temperatures m\u00e9s fresques i paisatges colorits, sin\u00f3 tamb\u00e9 una oportunitat \u00fanica per realitzar activitats educatives i divertides que connecten els nostres nens i nenes amb la natura i les tradicions&hellip;  <a href=\"https:\/\/agora.xtec.cat\/zer-pedrera\/portada\/ei-de-lescola-abat-ruera-estampacio-2\/\" title=\"Read EI de l&#8217;escola Abat Ruera. Estampaci\u00f3\">Llegeix m\u00e9s\u00bb<\/a><\/p>\n","protected":false},"author":1,"featured_media":8428,"comment_status":"open","ping_status":"closed","sticky":false,"template":"","format":"standard","meta":{"_bbp_topic_count":0,"_bbp_reply_count":0,"_bbp_total_topic_count":0,"_bbp_total_reply_count":0,"_bbp_voice_count":0,"_bbp_anonymous_reply_count":0,"_bbp_topic_count_hidden":0,"_bbp_reply_count_hidden":0,"_bbp_forum_subforum_count":0,"footnotes":""},"categories":[113,110,116,119,29,120],"tags":[],"class_list":["post-8427","post","type-post","status-publish","format-standard","has-post-thumbnail","hentry","category-e-infantil","category-escola-abat-ruera","category-medi","category-plastica","category-portada","category-projectes"],"post_mailing_queue_ids":[],"_links":{"self":[{"href":"https:\/\/agora.xtec.cat\/zer-pedrera\/wp-json\/wp\/v2\/posts\/8427","targetHints":{"allow":["GET"]}}],"collection":[{"href":"https:\/\/agora.xtec.cat\/zer-pedrera\/wp-json\/wp\/v2\/posts"}],"about":[{"href":"https:\/\/agora.xtec.cat\/zer-pedrera\/wp-json\/wp\/v2\/types\/post"}],"author":[{"embeddable":true,"href":"https:\/\/agora.xtec.cat\/zer-pedrera\/wp-json\/wp\/v2\/users\/1"}],"replies":[{"embeddable":true,"href":"https:\/\/agora.xtec.cat\/zer-pedrera\/wp-json\/wp\/v2\/comments?post=8427"}],"version-history":[{"count":1,"href":"https:\/\/agora.xtec.cat\/zer-pedrera\/wp-json\/wp\/v2\/posts\/8427\/revisions"}],"predecessor-version":[{"id":8429,"href":"https:\/\/agora.xtec.cat\/zer-pedrera\/wp-json\/wp\/v2\/posts\/8427\/revisions\/8429"}],"wp:featuredmedia":[{"embeddable":true,"href":"https:\/\/agora.xtec.cat\/zer-pedrera\/wp-json\/wp\/v2\/media\/8428"}],"wp:attachment":[{"href":"https:\/\/agora.xtec.cat\/zer-pedrera\/wp-json\/wp\/v2\/media?parent=8427"}],"wp:term":[{"taxonomy":"category","embeddable":true,"href":"https:\/\/agora.xtec.cat\/zer-pedrera\/wp-json\/wp\/v2\/categories?post=8427"},{"taxonomy":"post_tag","embeddable":true,"href":"https:\/\/agora.xtec.cat\/zer-pedrera\/wp-json\/wp\/v2\/tags?post=8427"}],"curies":[{"name":"wp","href":"https:\/\/api.w.org\/{rel}","templated":true}]}}