{"id":8424,"date":"2024-09-30T19:39:15","date_gmt":"2024-09-30T17:39:15","guid":{"rendered":"https:\/\/agora.xtec.cat\/zer-pedrera\/?p=8424"},"modified":"2024-09-30T19:39:15","modified_gmt":"2024-09-30T17:39:15","slug":"ei-de-lescola-abat-ruera-mandales-de-tardor","status":"publish","type":"post","link":"https:\/\/agora.xtec.cat\/zer-pedrera\/general\/ei-de-lescola-abat-ruera-mandales-de-tardor\/","title":{"rendered":"EI de l&#8217;escola Abat Ruera. Mandales de tardor"},"content":{"rendered":"<p>Els mandales s\u00f3n composicions circulars creades per formes geom\u00e8triques que combinades amb colors s\u2019utilitzen per relaxar-se.<br \/>\n\u00c9s una forma divertida, senzilla i molt beneficiosa d\u2019aprendre a desconnectar la ment durant un temps, mantenint-nos en el moment present, lliures de tota tensi\u00f3.<\/p>\n<p>A partir de la creativitat , amb els mandales cada infant treballa la<strong>\u00a0simetria<\/strong>, la\u00a0<strong>classificaci\u00f3<\/strong>\u00a0d\u2019objectes i colors i l<strong>\u2018amidament<\/strong>\u00a0(estimaci\u00f3 sobre les mides dels objectes que vol incloure a la mandala). Totes aquestes s\u00f2n funcions b\u00e0siques per a desenvolupar el\u00a0<strong>llenguatge matem\u00e0tic\u00a0<\/strong>en una situaci\u00f3 contextualitzada.<\/p>\n<p>L&#8217;alumnat d&#8217;educaci\u00f3 Infantil han treballat la tardor utilitzant les mandales.<\/p>\n<p>Per veure m\u00e9s fotografies clicar damunt de la imatge.<\/p>\n<p><a href=\"https:\/\/photos.app.goo.gl\/7JeSKG2rDczTwhpy6\" target=\"_blank\" rel=\"noopener\"><img loading=\"lazy\" decoding=\"async\" class=\"alignnone size-full wp-image-8425\" src=\"https:\/\/agora.xtec.cat\/zer-pedrera\/wp-content\/uploads\/usu1473\/2024\/09\/IMG-20240930-WA0053.jpg\" alt=\"\" width=\"300\" height=\"225\" srcset=\"https:\/\/agora.xtec.cat\/zer-pedrera\/wp-content\/uploads\/usu1473\/2024\/09\/IMG-20240930-WA0053.jpg 300w, https:\/\/agora.xtec.cat\/zer-pedrera\/wp-content\/uploads\/usu1473\/2024\/09\/IMG-20240930-WA0053-200x150.jpg 200w\" sizes=\"auto, (max-width: 300px) 100vw, 300px\" \/><\/a><\/p>\n<p>&nbsp;<\/p>\n","protected":false},"excerpt":{"rendered":"<p>Els mandales s\u00f3n composicions circulars creades per formes geom\u00e8triques que combinades amb colors s\u2019utilitzen per relaxar-se.<br \/>\n\u00c9s una forma divertida, senzilla i molt beneficiosa d\u2019aprendre a desconnectar la ment durant un temps, mantenint-nos en el moment present, lliures de tota tensi\u00f3.<br \/>\nA partir de la creativitat ,&hellip;  <a href=\"https:\/\/agora.xtec.cat\/zer-pedrera\/general\/ei-de-lescola-abat-ruera-mandales-de-tardor\/\" title=\"Read EI de l&#8217;escola Abat Ruera. Mandales de tardor\">Llegeix m\u00e9s\u00bb<\/a><\/p>\n","protected":false},"author":1,"featured_media":8425,"comment_status":"open","ping_status":"closed","sticky":false,"template":"","format":"standard","meta":{"_bbp_topic_count":0,"_bbp_reply_count":0,"_bbp_total_topic_count":0,"_bbp_total_reply_count":0,"_bbp_voice_count":0,"_bbp_anonymous_reply_count":0,"_bbp_topic_count_hidden":0,"_bbp_reply_count_hidden":0,"_bbp_forum_subforum_count":0,"footnotes":""},"categories":[113,110,1,116,29,120],"tags":[],"class_list":["post-8424","post","type-post","status-publish","format-standard","has-post-thumbnail","hentry","category-e-infantil","category-escola-abat-ruera","category-general","category-medi","category-portada","category-projectes"],"post_mailing_queue_ids":[],"_links":{"self":[{"href":"https:\/\/agora.xtec.cat\/zer-pedrera\/wp-json\/wp\/v2\/posts\/8424","targetHints":{"allow":["GET"]}}],"collection":[{"href":"https:\/\/agora.xtec.cat\/zer-pedrera\/wp-json\/wp\/v2\/posts"}],"about":[{"href":"https:\/\/agora.xtec.cat\/zer-pedrera\/wp-json\/wp\/v2\/types\/post"}],"author":[{"embeddable":true,"href":"https:\/\/agora.xtec.cat\/zer-pedrera\/wp-json\/wp\/v2\/users\/1"}],"replies":[{"embeddable":true,"href":"https:\/\/agora.xtec.cat\/zer-pedrera\/wp-json\/wp\/v2\/comments?post=8424"}],"version-history":[{"count":1,"href":"https:\/\/agora.xtec.cat\/zer-pedrera\/wp-json\/wp\/v2\/posts\/8424\/revisions"}],"predecessor-version":[{"id":8426,"href":"https:\/\/agora.xtec.cat\/zer-pedrera\/wp-json\/wp\/v2\/posts\/8424\/revisions\/8426"}],"wp:featuredmedia":[{"embeddable":true,"href":"https:\/\/agora.xtec.cat\/zer-pedrera\/wp-json\/wp\/v2\/media\/8425"}],"wp:attachment":[{"href":"https:\/\/agora.xtec.cat\/zer-pedrera\/wp-json\/wp\/v2\/media?parent=8424"}],"wp:term":[{"taxonomy":"category","embeddable":true,"href":"https:\/\/agora.xtec.cat\/zer-pedrera\/wp-json\/wp\/v2\/categories?post=8424"},{"taxonomy":"post_tag","embeddable":true,"href":"https:\/\/agora.xtec.cat\/zer-pedrera\/wp-json\/wp\/v2\/tags?post=8424"}],"curies":[{"name":"wp","href":"https:\/\/api.w.org\/{rel}","templated":true}]}}