{"id":8420,"date":"2024-09-28T23:45:17","date_gmt":"2024-09-28T21:45:17","guid":{"rendered":"https:\/\/agora.xtec.cat\/zer-pedrera\/?p=8420"},"modified":"2024-09-28T23:45:17","modified_gmt":"2024-09-28T21:45:17","slug":"donem-la-benvinguda-a-la-tardor-ed-infantil-porcel-de-cervera","status":"publish","type":"post","link":"https:\/\/agora.xtec.cat\/zer-pedrera\/general\/donem-la-benvinguda-a-la-tardor-ed-infantil-porcel-de-cervera\/","title":{"rendered":"Donem la benvinguda  a la tardor. Ed. Infantil Porcel de Cervera."},"content":{"rendered":"<p><span style=\"font-weight: 400;\">Donar la benvinguda a la tardor decorant l&#8217;escola amb colors c\u00e0lids \u00e9s una forma meravellosa de celebrar aquesta estaci\u00f3. Els tons taronges, grocs i marrons no sols aporten un ambient acollidor, sin\u00f3 que tamb\u00e9 ajuden els nens a connectar amb la naturalesa i els canvis que ocorren al seu voltant amb el pas del temps i les estacions.<\/span><span style=\"font-weight: 400;\"><br \/>\n<\/span><span style=\"font-weight: 400;\"><br \/>\n<\/span><span style=\"font-weight: 400;\">A m\u00e9s, aquesta activitat \u00e9s una excel\u00b7lent oportunitat perqu\u00e8 els m\u00e9s petits expressin la seva creativitat. Per comen\u00e7ar hem fet el cartell per decorar un petit raconet de l&#8217;escola. Ha estat molt divertit, com ens agrada pintar amb pintures i pinzells tot barrejant colors.<\/span><\/p>\n<p><a href=\"https:\/\/photos.app.goo.gl\/KyNftZ8HGoZqWLVi9\">Cliqueu la imatge<img loading=\"lazy\" decoding=\"async\" class=\"wp-image-8422 aligncenter\" src=\"https:\/\/agora.xtec.cat\/zer-pedrera\/wp-content\/uploads\/usu1473\/2024\/09\/tapa-1024x768.jpg\" alt=\"\" width=\"152\" height=\"114\" srcset=\"https:\/\/agora.xtec.cat\/zer-pedrera\/wp-content\/uploads\/usu1473\/2024\/09\/tapa-1024x768.jpg 1024w, https:\/\/agora.xtec.cat\/zer-pedrera\/wp-content\/uploads\/usu1473\/2024\/09\/tapa-300x225.jpg 300w, https:\/\/agora.xtec.cat\/zer-pedrera\/wp-content\/uploads\/usu1473\/2024\/09\/tapa-768x576.jpg 768w, https:\/\/agora.xtec.cat\/zer-pedrera\/wp-content\/uploads\/usu1473\/2024\/09\/tapa-200x150.jpg 200w, https:\/\/agora.xtec.cat\/zer-pedrera\/wp-content\/uploads\/usu1473\/2024\/09\/tapa.jpg 1187w\" sizes=\"auto, (max-width: 152px) 100vw, 152px\" \/><\/a><\/p>\n<p>&nbsp;<\/p>\n<p><span style=\"font-weight: 400;\">\u00a0<\/span><\/p>\n","protected":false},"excerpt":{"rendered":"<p>Donar la benvinguda a la tardor decorant l&#8217;escola amb colors c\u00e0lids \u00e9s una forma meravellosa de celebrar aquesta estaci\u00f3. Els tons taronges, grocs i marrons no sols aporten un ambient acollidor, sin\u00f3 que tamb\u00e9 ajuden els nens a connectar amb la naturalesa i els canvis&hellip;  <a href=\"https:\/\/agora.xtec.cat\/zer-pedrera\/general\/donem-la-benvinguda-a-la-tardor-ed-infantil-porcel-de-cervera\/\" title=\"Read Donem la benvinguda  a la tardor. Ed. Infantil Porcel de Cervera.\">Llegeix m\u00e9s\u00bb<\/a><\/p>\n","protected":false},"author":1,"featured_media":8422,"comment_status":"open","ping_status":"closed","sticky":false,"template":"","format":"standard","meta":{"_bbp_topic_count":0,"_bbp_reply_count":0,"_bbp_total_topic_count":0,"_bbp_total_reply_count":0,"_bbp_voice_count":0,"_bbp_anonymous_reply_count":0,"_bbp_topic_count_hidden":0,"_bbp_reply_count_hidden":0,"_bbp_forum_subforum_count":0,"footnotes":""},"categories":[113,111,1,29],"tags":[],"class_list":["post-8420","post","type-post","status-publish","format-standard","has-post-thumbnail","hentry","category-e-infantil","category-escola-porcel-de-cervera","category-general","category-portada"],"post_mailing_queue_ids":[],"_links":{"self":[{"href":"https:\/\/agora.xtec.cat\/zer-pedrera\/wp-json\/wp\/v2\/posts\/8420","targetHints":{"allow":["GET"]}}],"collection":[{"href":"https:\/\/agora.xtec.cat\/zer-pedrera\/wp-json\/wp\/v2\/posts"}],"about":[{"href":"https:\/\/agora.xtec.cat\/zer-pedrera\/wp-json\/wp\/v2\/types\/post"}],"author":[{"embeddable":true,"href":"https:\/\/agora.xtec.cat\/zer-pedrera\/wp-json\/wp\/v2\/users\/1"}],"replies":[{"embeddable":true,"href":"https:\/\/agora.xtec.cat\/zer-pedrera\/wp-json\/wp\/v2\/comments?post=8420"}],"version-history":[{"count":1,"href":"https:\/\/agora.xtec.cat\/zer-pedrera\/wp-json\/wp\/v2\/posts\/8420\/revisions"}],"predecessor-version":[{"id":8423,"href":"https:\/\/agora.xtec.cat\/zer-pedrera\/wp-json\/wp\/v2\/posts\/8420\/revisions\/8423"}],"wp:featuredmedia":[{"embeddable":true,"href":"https:\/\/agora.xtec.cat\/zer-pedrera\/wp-json\/wp\/v2\/media\/8422"}],"wp:attachment":[{"href":"https:\/\/agora.xtec.cat\/zer-pedrera\/wp-json\/wp\/v2\/media?parent=8420"}],"wp:term":[{"taxonomy":"category","embeddable":true,"href":"https:\/\/agora.xtec.cat\/zer-pedrera\/wp-json\/wp\/v2\/categories?post=8420"},{"taxonomy":"post_tag","embeddable":true,"href":"https:\/\/agora.xtec.cat\/zer-pedrera\/wp-json\/wp\/v2\/tags?post=8420"}],"curies":[{"name":"wp","href":"https:\/\/api.w.org\/{rel}","templated":true}]}}