{"id":8417,"date":"2024-09-28T23:28:09","date_gmt":"2024-09-28T21:28:09","guid":{"rendered":"https:\/\/agora.xtec.cat\/zer-pedrera\/?p=8417"},"modified":"2024-09-28T23:28:09","modified_gmt":"2024-09-28T21:28:09","slug":"resolucio-de-conflictes-escola-porecl-de-cervera","status":"publish","type":"post","link":"https:\/\/agora.xtec.cat\/zer-pedrera\/general\/resolucio-de-conflictes-escola-porecl-de-cervera\/","title":{"rendered":"Resoluci\u00f3 de conflictes. Escola Porecl de Cervera."},"content":{"rendered":"<p><span style=\"font-weight: 400;\">La resoluci\u00f3 de conflictes \u00e9s fonamental per establir una bona conviv\u00e8ncia entre els alumnes. Aquest curs hem afegit aquesta sisena hora per refor\u00e7ar els vincles i resoldre possibles problemes. A m\u00e9s, es realitzen diferents activitats cooperatives per promoure el treball en equip i la cohesi\u00f3 de grup.<\/span><\/p>\n<p>Per veure fotos d&#8217;alguna de les sessions, cliqueu la imatge.<\/p>\n<p><a href=\"https:\/\/photos.app.goo.gl\/FyJ2FLJ1Efrt6Yce9\"><img loading=\"lazy\" decoding=\"async\" class=\"wp-image-8418 aligncenter\" src=\"https:\/\/agora.xtec.cat\/zer-pedrera\/wp-content\/uploads\/usu1473\/2024\/09\/IMG20240920124942.jpg\" alt=\"\" width=\"118\" height=\"101\" srcset=\"https:\/\/agora.xtec.cat\/zer-pedrera\/wp-content\/uploads\/usu1473\/2024\/09\/IMG20240920124942.jpg 1024w, https:\/\/agora.xtec.cat\/zer-pedrera\/wp-content\/uploads\/usu1473\/2024\/09\/IMG20240920124942-300x256.jpg 300w, https:\/\/agora.xtec.cat\/zer-pedrera\/wp-content\/uploads\/usu1473\/2024\/09\/IMG20240920124942-768x656.jpg 768w\" sizes=\"auto, (max-width: 118px) 100vw, 118px\" \/><\/a><\/p>\n","protected":false},"excerpt":{"rendered":"<p>La resoluci\u00f3 de conflictes \u00e9s fonamental per establir una bona conviv\u00e8ncia entre els alumnes. Aquest curs hem afegit aquesta sisena hora per refor\u00e7ar els vincles i resoldre possibles problemes. A m\u00e9s, es realitzen diferents activitats cooperatives per promoure el treball en equip i la cohesi\u00f3&hellip;  <a href=\"https:\/\/agora.xtec.cat\/zer-pedrera\/general\/resolucio-de-conflictes-escola-porecl-de-cervera\/\" title=\"Read Resoluci\u00f3 de conflictes. Escola Porecl de Cervera.\">Llegeix m\u00e9s\u00bb<\/a><\/p>\n","protected":false},"author":1,"featured_media":8418,"comment_status":"open","ping_status":"closed","sticky":false,"template":"","format":"standard","meta":{"_bbp_topic_count":0,"_bbp_reply_count":0,"_bbp_total_topic_count":0,"_bbp_total_reply_count":0,"_bbp_voice_count":0,"_bbp_anonymous_reply_count":0,"_bbp_topic_count_hidden":0,"_bbp_reply_count_hidden":0,"_bbp_forum_subforum_count":0,"footnotes":""},"categories":[113,145,111,1,29,89],"tags":[],"class_list":["post-8417","post","type-post","status-publish","format-standard","has-post-thumbnail","hentry","category-e-infantil","category-educacio-en-valors","category-escola-porcel-de-cervera","category-general","category-portada","category-primaria"],"post_mailing_queue_ids":[],"_links":{"self":[{"href":"https:\/\/agora.xtec.cat\/zer-pedrera\/wp-json\/wp\/v2\/posts\/8417","targetHints":{"allow":["GET"]}}],"collection":[{"href":"https:\/\/agora.xtec.cat\/zer-pedrera\/wp-json\/wp\/v2\/posts"}],"about":[{"href":"https:\/\/agora.xtec.cat\/zer-pedrera\/wp-json\/wp\/v2\/types\/post"}],"author":[{"embeddable":true,"href":"https:\/\/agora.xtec.cat\/zer-pedrera\/wp-json\/wp\/v2\/users\/1"}],"replies":[{"embeddable":true,"href":"https:\/\/agora.xtec.cat\/zer-pedrera\/wp-json\/wp\/v2\/comments?post=8417"}],"version-history":[{"count":1,"href":"https:\/\/agora.xtec.cat\/zer-pedrera\/wp-json\/wp\/v2\/posts\/8417\/revisions"}],"predecessor-version":[{"id":8419,"href":"https:\/\/agora.xtec.cat\/zer-pedrera\/wp-json\/wp\/v2\/posts\/8417\/revisions\/8419"}],"wp:featuredmedia":[{"embeddable":true,"href":"https:\/\/agora.xtec.cat\/zer-pedrera\/wp-json\/wp\/v2\/media\/8418"}],"wp:attachment":[{"href":"https:\/\/agora.xtec.cat\/zer-pedrera\/wp-json\/wp\/v2\/media?parent=8417"}],"wp:term":[{"taxonomy":"category","embeddable":true,"href":"https:\/\/agora.xtec.cat\/zer-pedrera\/wp-json\/wp\/v2\/categories?post=8417"},{"taxonomy":"post_tag","embeddable":true,"href":"https:\/\/agora.xtec.cat\/zer-pedrera\/wp-json\/wp\/v2\/tags?post=8417"}],"curies":[{"name":"wp","href":"https:\/\/api.w.org\/{rel}","templated":true}]}}