{"id":8408,"date":"2024-09-25T10:44:32","date_gmt":"2024-09-25T08:44:32","guid":{"rendered":"https:\/\/agora.xtec.cat\/zer-pedrera\/?p=8408"},"modified":"2024-09-25T10:44:32","modified_gmt":"2024-09-25T08:44:32","slug":"ei-de-lescola-abat-ruera-benvinguda-mascota","status":"publish","type":"post","link":"https:\/\/agora.xtec.cat\/zer-pedrera\/general\/ei-de-lescola-abat-ruera-benvinguda-mascota\/","title":{"rendered":"EI de l&#8217;escola Abat Ruera. Benvinguda mascota!"},"content":{"rendered":"<p>Ja tenim aqu\u00ed a la nostra mascota de la TARDOR!<\/p>\n<p>Ha aparegut a l&#8217;escola amb l&#8217;arribada de la nova estaci\u00f3 que va comen\u00e7ar el passat 23 de setembre.<\/p>\n<p>Tenim moltes coses pensades per fer, relacionades amb la tardor, les seves fulles, els seus fruits, les seves tradicions, les seves olors i colors&#8230; Per\u00f2, abans, haur\u00edem de pensar un nom per a la nostra mascota. S&#8217;ho mereix, ja que ens acompanyar\u00e0 fins al 21 de desembre!!!<\/p>\n<p>ENS AJUDEU?<\/p>\n<p style=\"text-align: center;\"><a href=\"https:\/\/agora.xtec.cat\/zer-pedrera\/wp-content\/uploads\/usu1473\/2024\/09\/IMG-20240925-WA0001.jpg\"><img loading=\"lazy\" decoding=\"async\" class=\"alignnone size-full wp-image-8409\" src=\"https:\/\/agora.xtec.cat\/zer-pedrera\/wp-content\/uploads\/usu1473\/2024\/09\/IMG-20240925-WA0001.jpg\" alt=\"\" width=\"300\" height=\"424\" srcset=\"https:\/\/agora.xtec.cat\/zer-pedrera\/wp-content\/uploads\/usu1473\/2024\/09\/IMG-20240925-WA0001.jpg 300w, https:\/\/agora.xtec.cat\/zer-pedrera\/wp-content\/uploads\/usu1473\/2024\/09\/IMG-20240925-WA0001-212x300.jpg 212w\" sizes=\"auto, (max-width: 300px) 100vw, 300px\" \/><\/a><\/p>\n<p>&nbsp;<\/p>\n","protected":false},"excerpt":{"rendered":"<p>Ja tenim aqu\u00ed a la nostra mascota de la TARDOR!<br \/>\nHa aparegut a l&#8217;escola amb l&#8217;arribada de la nova estaci\u00f3 que va comen\u00e7ar el passat 23 de setembre.<br \/>\nTenim moltes coses pensades per fer, relacionades amb la tardor, les seves fulles, els seus fruits, les seves tradicions,&hellip;  <a href=\"https:\/\/agora.xtec.cat\/zer-pedrera\/general\/ei-de-lescola-abat-ruera-benvinguda-mascota\/\" title=\"Read EI de l&#8217;escola Abat Ruera. Benvinguda mascota!\">Llegeix m\u00e9s\u00bb<\/a><\/p>\n","protected":false},"author":1,"featured_media":8409,"comment_status":"open","ping_status":"closed","sticky":false,"template":"","format":"standard","meta":{"_bbp_topic_count":0,"_bbp_reply_count":0,"_bbp_total_topic_count":0,"_bbp_total_reply_count":0,"_bbp_voice_count":0,"_bbp_anonymous_reply_count":0,"_bbp_topic_count_hidden":0,"_bbp_reply_count_hidden":0,"_bbp_forum_subforum_count":0,"footnotes":""},"categories":[113,110,1,116,29],"tags":[],"class_list":["post-8408","post","type-post","status-publish","format-standard","has-post-thumbnail","hentry","category-e-infantil","category-escola-abat-ruera","category-general","category-medi","category-portada"],"post_mailing_queue_ids":[],"_links":{"self":[{"href":"https:\/\/agora.xtec.cat\/zer-pedrera\/wp-json\/wp\/v2\/posts\/8408","targetHints":{"allow":["GET"]}}],"collection":[{"href":"https:\/\/agora.xtec.cat\/zer-pedrera\/wp-json\/wp\/v2\/posts"}],"about":[{"href":"https:\/\/agora.xtec.cat\/zer-pedrera\/wp-json\/wp\/v2\/types\/post"}],"author":[{"embeddable":true,"href":"https:\/\/agora.xtec.cat\/zer-pedrera\/wp-json\/wp\/v2\/users\/1"}],"replies":[{"embeddable":true,"href":"https:\/\/agora.xtec.cat\/zer-pedrera\/wp-json\/wp\/v2\/comments?post=8408"}],"version-history":[{"count":1,"href":"https:\/\/agora.xtec.cat\/zer-pedrera\/wp-json\/wp\/v2\/posts\/8408\/revisions"}],"predecessor-version":[{"id":8410,"href":"https:\/\/agora.xtec.cat\/zer-pedrera\/wp-json\/wp\/v2\/posts\/8408\/revisions\/8410"}],"wp:featuredmedia":[{"embeddable":true,"href":"https:\/\/agora.xtec.cat\/zer-pedrera\/wp-json\/wp\/v2\/media\/8409"}],"wp:attachment":[{"href":"https:\/\/agora.xtec.cat\/zer-pedrera\/wp-json\/wp\/v2\/media?parent=8408"}],"wp:term":[{"taxonomy":"category","embeddable":true,"href":"https:\/\/agora.xtec.cat\/zer-pedrera\/wp-json\/wp\/v2\/categories?post=8408"},{"taxonomy":"post_tag","embeddable":true,"href":"https:\/\/agora.xtec.cat\/zer-pedrera\/wp-json\/wp\/v2\/tags?post=8408"}],"curies":[{"name":"wp","href":"https:\/\/api.w.org\/{rel}","templated":true}]}}