{"id":8396,"date":"2024-09-18T20:25:40","date_gmt":"2024-09-18T18:25:40","guid":{"rendered":"https:\/\/agora.xtec.cat\/zer-pedrera\/?p=8396"},"modified":"2024-09-18T20:25:40","modified_gmt":"2024-09-18T18:25:40","slug":"ed-primaria-escola-abat-ruera-valors","status":"publish","type":"post","link":"https:\/\/agora.xtec.cat\/zer-pedrera\/general\/ed-primaria-escola-abat-ruera-valors\/","title":{"rendered":"Ed. Prim\u00e0ria escola Abat Ruera. Valors"},"content":{"rendered":"<p>El primer contacte amb l&#8217;\u00e0rea de Valors i Religi\u00f3 ha estat fer un recordatori de tots aquells valors que es van treballar el curs passat i plasmar-los en un mural. Aquest mural est\u00e0 al costat de la porta. Aix\u00f2 permet als alumnes anar recordant els valors durant les entrades i sortides.<\/p>\n<p>Aqu\u00ed teniu la imatge del mural.<\/p>\n<p><a href=\"https:\/\/agora.xtec.cat\/zer-pedrera\/wp-content\/uploads\/usu1473\/2024\/09\/IMG-20240918-WA0023.jpg\"><img loading=\"lazy\" decoding=\"async\" class=\"alignnone size-full wp-image-8397\" src=\"https:\/\/agora.xtec.cat\/zer-pedrera\/wp-content\/uploads\/usu1473\/2024\/09\/IMG-20240918-WA0023.jpg\" alt=\"\" width=\"300\" height=\"225\" srcset=\"https:\/\/agora.xtec.cat\/zer-pedrera\/wp-content\/uploads\/usu1473\/2024\/09\/IMG-20240918-WA0023.jpg 300w, https:\/\/agora.xtec.cat\/zer-pedrera\/wp-content\/uploads\/usu1473\/2024\/09\/IMG-20240918-WA0023-200x150.jpg 200w\" sizes=\"auto, (max-width: 300px) 100vw, 300px\" \/><\/a><\/p>\n<p>&nbsp;<\/p>\n<p>&nbsp;<\/p>\n","protected":false},"excerpt":{"rendered":"<p>El primer contacte amb l&#8217;\u00e0rea de Valors i Religi\u00f3 ha estat fer un recordatori de tots aquells valors que es van treballar el curs passat i plasmar-los en un mural. Aquest mural est\u00e0 al costat de la porta. Aix\u00f2 permet als alumnes anar recordant els&hellip;  <a href=\"https:\/\/agora.xtec.cat\/zer-pedrera\/general\/ed-primaria-escola-abat-ruera-valors\/\" title=\"Read Ed. Prim\u00e0ria escola Abat Ruera. Valors\">Llegeix m\u00e9s\u00bb<\/a><\/p>\n","protected":false},"author":1,"featured_media":8397,"comment_status":"open","ping_status":"closed","sticky":false,"template":"","format":"standard","meta":{"_bbp_topic_count":0,"_bbp_reply_count":0,"_bbp_total_topic_count":0,"_bbp_total_reply_count":0,"_bbp_voice_count":0,"_bbp_anonymous_reply_count":0,"_bbp_topic_count_hidden":0,"_bbp_reply_count_hidden":0,"_bbp_forum_subforum_count":0,"footnotes":""},"categories":[145,110,1,29,89,121],"tags":[],"class_list":["post-8396","post","type-post","status-publish","format-standard","has-post-thumbnail","hentry","category-educacio-en-valors","category-escola-abat-ruera","category-general","category-portada","category-primaria","category-religio"],"post_mailing_queue_ids":[],"_links":{"self":[{"href":"https:\/\/agora.xtec.cat\/zer-pedrera\/wp-json\/wp\/v2\/posts\/8396","targetHints":{"allow":["GET"]}}],"collection":[{"href":"https:\/\/agora.xtec.cat\/zer-pedrera\/wp-json\/wp\/v2\/posts"}],"about":[{"href":"https:\/\/agora.xtec.cat\/zer-pedrera\/wp-json\/wp\/v2\/types\/post"}],"author":[{"embeddable":true,"href":"https:\/\/agora.xtec.cat\/zer-pedrera\/wp-json\/wp\/v2\/users\/1"}],"replies":[{"embeddable":true,"href":"https:\/\/agora.xtec.cat\/zer-pedrera\/wp-json\/wp\/v2\/comments?post=8396"}],"version-history":[{"count":1,"href":"https:\/\/agora.xtec.cat\/zer-pedrera\/wp-json\/wp\/v2\/posts\/8396\/revisions"}],"predecessor-version":[{"id":8398,"href":"https:\/\/agora.xtec.cat\/zer-pedrera\/wp-json\/wp\/v2\/posts\/8396\/revisions\/8398"}],"wp:featuredmedia":[{"embeddable":true,"href":"https:\/\/agora.xtec.cat\/zer-pedrera\/wp-json\/wp\/v2\/media\/8397"}],"wp:attachment":[{"href":"https:\/\/agora.xtec.cat\/zer-pedrera\/wp-json\/wp\/v2\/media?parent=8396"}],"wp:term":[{"taxonomy":"category","embeddable":true,"href":"https:\/\/agora.xtec.cat\/zer-pedrera\/wp-json\/wp\/v2\/categories?post=8396"},{"taxonomy":"post_tag","embeddable":true,"href":"https:\/\/agora.xtec.cat\/zer-pedrera\/wp-json\/wp\/v2\/tags?post=8396"}],"curies":[{"name":"wp","href":"https:\/\/api.w.org\/{rel}","templated":true}]}}