{"id":8342,"date":"2024-06-16T19:41:23","date_gmt":"2024-06-16T17:41:23","guid":{"rendered":"https:\/\/agora.xtec.cat\/zer-pedrera\/?p=8342"},"modified":"2024-06-16T19:41:23","modified_gmt":"2024-06-16T17:41:23","slug":"treballem-la-longitud-amb-elements-de-lescola-alumnat-ci-porcel-de-cervera","status":"publish","type":"post","link":"https:\/\/agora.xtec.cat\/zer-pedrera\/general\/treballem-la-longitud-amb-elements-de-lescola-alumnat-ci-porcel-de-cervera\/","title":{"rendered":"Treballem la longitud amb elements de l&#8217;escola. Alumnat CI Porcel de Cervera."},"content":{"rendered":"<p><span style=\"font-weight: 400;\">A matem\u00e0tiques funcionals hem estat aprenent les unitats de mesura i ho hem posat a la pr\u00e0ctica mesurant els elements de l\u2019aula i de l\u2019escola.\u00a0<\/span><\/p>\n<p><span style=\"font-weight: 400;\">Hem comen\u00e7at pels objectes m\u00e9s petits de classe com el llapis o la llibreta i hem utilitzat un regle per fer-ho. Despr\u00e9s hem anat augmentant de tamany, com amb les taules i finestres, amb les quals hem utilitzat llana i un metre per calcular-ho. I m\u00e9s endavant hem utilitzat la cinta m\u00e8trica per a mesures m\u00e9s grans, com la porta o la paret exterior de l\u2019escola.<\/span><\/p>\n<p><span style=\"font-weight: 400;\">Hem descobert que per a objectes m\u00e9s petits calculem amb cent\u00edmetres i per a mesures m\u00e9s grans \u00e9s necessari el metre.<\/span><\/p>\n<p><a href=\"https:\/\/photos.app.goo.gl\/iS94GrKLcrQQXEyV7\">https:\/\/photos.app.goo.gl\/iS94GrKLcrQQXEyV7<\/a><\/p>\n","protected":false},"excerpt":{"rendered":"<p>A matem\u00e0tiques funcionals hem estat aprenent les unitats de mesura i ho hem posat a la pr\u00e0ctica mesurant els elements de l\u2019aula i de l\u2019escola.\u00a0<br \/>\nHem comen\u00e7at pels objectes m\u00e9s petits de classe com el llapis o la llibreta i hem utilitzat un regle per fer-ho.&hellip;  <a href=\"https:\/\/agora.xtec.cat\/zer-pedrera\/general\/treballem-la-longitud-amb-elements-de-lescola-alumnat-ci-porcel-de-cervera\/\" title=\"Read Treballem la longitud amb elements de l&#8217;escola. Alumnat CI Porcel de Cervera.\">Llegeix m\u00e9s\u00bb<\/a><\/p>\n","protected":false},"author":1,"featured_media":0,"comment_status":"open","ping_status":"closed","sticky":false,"template":"","format":"standard","meta":{"_bbp_topic_count":0,"_bbp_reply_count":0,"_bbp_total_topic_count":0,"_bbp_total_reply_count":0,"_bbp_voice_count":0,"_bbp_anonymous_reply_count":0,"_bbp_topic_count_hidden":0,"_bbp_reply_count_hidden":0,"_bbp_forum_subforum_count":0,"footnotes":""},"categories":[111,1,29,89],"tags":[],"class_list":["post-8342","post","type-post","status-publish","format-standard","hentry","category-escola-porcel-de-cervera","category-general","category-portada","category-primaria"],"post_mailing_queue_ids":[],"_links":{"self":[{"href":"https:\/\/agora.xtec.cat\/zer-pedrera\/wp-json\/wp\/v2\/posts\/8342","targetHints":{"allow":["GET"]}}],"collection":[{"href":"https:\/\/agora.xtec.cat\/zer-pedrera\/wp-json\/wp\/v2\/posts"}],"about":[{"href":"https:\/\/agora.xtec.cat\/zer-pedrera\/wp-json\/wp\/v2\/types\/post"}],"author":[{"embeddable":true,"href":"https:\/\/agora.xtec.cat\/zer-pedrera\/wp-json\/wp\/v2\/users\/1"}],"replies":[{"embeddable":true,"href":"https:\/\/agora.xtec.cat\/zer-pedrera\/wp-json\/wp\/v2\/comments?post=8342"}],"version-history":[{"count":2,"href":"https:\/\/agora.xtec.cat\/zer-pedrera\/wp-json\/wp\/v2\/posts\/8342\/revisions"}],"predecessor-version":[{"id":8356,"href":"https:\/\/agora.xtec.cat\/zer-pedrera\/wp-json\/wp\/v2\/posts\/8342\/revisions\/8356"}],"wp:attachment":[{"href":"https:\/\/agora.xtec.cat\/zer-pedrera\/wp-json\/wp\/v2\/media?parent=8342"}],"wp:term":[{"taxonomy":"category","embeddable":true,"href":"https:\/\/agora.xtec.cat\/zer-pedrera\/wp-json\/wp\/v2\/categories?post=8342"},{"taxonomy":"post_tag","embeddable":true,"href":"https:\/\/agora.xtec.cat\/zer-pedrera\/wp-json\/wp\/v2\/tags?post=8342"}],"curies":[{"name":"wp","href":"https:\/\/api.w.org\/{rel}","templated":true}]}}