{"id":8291,"date":"2024-06-13T22:14:34","date_gmt":"2024-06-13T20:14:34","guid":{"rendered":"https:\/\/agora.xtec.cat\/zer-pedrera\/?p=8291"},"modified":"2024-06-14T13:26:10","modified_gmt":"2024-06-14T11:26:10","slug":"ei-de-lescola-abat-ruera-arc-de-sant-marti","status":"publish","type":"post","link":"https:\/\/agora.xtec.cat\/zer-pedrera\/general\/ei-de-lescola-abat-ruera-arc-de-sant-marti\/","title":{"rendered":"EI de l&#8217;escola Abat Ruera. Arc de Sant Mart\u00ed"},"content":{"rendered":"<p><a href=\"https:\/\/photos.app.goo.gl\/9r8tn5K2tNHC3ZpEA\" target=\"_blank\" rel=\"noopener\">https:\/\/photos.app.goo.gl\/9r8tn5K2tNHC3ZpEA<\/a>Quan pensem en un arc de Sant Mart\u00ed r\u00e0pidament imaginen un munt de colors al cel despr\u00e9s d&#8217;un dia pluj\u00f3s. Els nens i nenes d&#8217;Educaci\u00f3 Infantil han descobert que no sempre \u00e9s aix\u00ed. I per qu\u00e8? Ho voleu esbrinar?<br \/>\nCliqueu damunt de la imatge per veure m\u00e9s fotografies.<\/p>\n<p><a href=\"https:\/\/photos.app.goo.gl\/9r8tn5K2tNHC3ZpEA\" target=\"_blank\" rel=\"noopener\"><img loading=\"lazy\" decoding=\"async\" class=\"alignnone size-full wp-image-8292\" src=\"https:\/\/agora.xtec.cat\/zer-pedrera\/wp-content\/uploads\/usu1473\/2024\/06\/IMG-20240613-WA0011.jpg\" alt=\"\" width=\"400\" height=\"300\" srcset=\"https:\/\/agora.xtec.cat\/zer-pedrera\/wp-content\/uploads\/usu1473\/2024\/06\/IMG-20240613-WA0011.jpg 400w, https:\/\/agora.xtec.cat\/zer-pedrera\/wp-content\/uploads\/usu1473\/2024\/06\/IMG-20240613-WA0011-300x225.jpg 300w, https:\/\/agora.xtec.cat\/zer-pedrera\/wp-content\/uploads\/usu1473\/2024\/06\/IMG-20240613-WA0011-200x150.jpg 200w\" sizes=\"auto, (max-width: 400px) 100vw, 400px\" \/><\/a><\/p>\n<p>&nbsp;<\/p>\n","protected":false},"excerpt":{"rendered":"<p><a href=\"https:\/\/photos.app.goo.gl\/9r8tn5K2tNHC3ZpEA\" target=\"_blank\" rel=\"noopener\">https:\/\/photos.app.goo.gl\/9r8tn5K2tNHC3ZpEA<\/a>Quan pensem en un arc de Sant Mart\u00ed r\u00e0pidament imaginen un munt de colors al cel despr\u00e9s d&#8217;un dia pluj\u00f3s. Els nens i nenes d&#8217;Educaci\u00f3 Infantil han descobert que no sempre \u00e9s aix\u00ed. I per qu\u00e8? Ho voleu esbrinar?<br \/>\nCliqueu damunt de la&hellip;  <a href=\"https:\/\/agora.xtec.cat\/zer-pedrera\/general\/ei-de-lescola-abat-ruera-arc-de-sant-marti\/\" title=\"Read EI de l&#8217;escola Abat Ruera. Arc de Sant Mart\u00ed\">Llegeix m\u00e9s\u00bb<\/a><\/p>\n","protected":false},"author":1,"featured_media":8292,"comment_status":"open","ping_status":"closed","sticky":false,"template":"","format":"standard","meta":{"_bbp_topic_count":0,"_bbp_reply_count":0,"_bbp_total_topic_count":0,"_bbp_total_reply_count":0,"_bbp_voice_count":0,"_bbp_anonymous_reply_count":0,"_bbp_topic_count_hidden":0,"_bbp_reply_count_hidden":0,"_bbp_forum_subforum_count":0,"footnotes":""},"categories":[113,110,1,119,29],"tags":[],"class_list":["post-8291","post","type-post","status-publish","format-standard","has-post-thumbnail","hentry","category-e-infantil","category-escola-abat-ruera","category-general","category-plastica","category-portada"],"post_mailing_queue_ids":[],"_links":{"self":[{"href":"https:\/\/agora.xtec.cat\/zer-pedrera\/wp-json\/wp\/v2\/posts\/8291","targetHints":{"allow":["GET"]}}],"collection":[{"href":"https:\/\/agora.xtec.cat\/zer-pedrera\/wp-json\/wp\/v2\/posts"}],"about":[{"href":"https:\/\/agora.xtec.cat\/zer-pedrera\/wp-json\/wp\/v2\/types\/post"}],"author":[{"embeddable":true,"href":"https:\/\/agora.xtec.cat\/zer-pedrera\/wp-json\/wp\/v2\/users\/1"}],"replies":[{"embeddable":true,"href":"https:\/\/agora.xtec.cat\/zer-pedrera\/wp-json\/wp\/v2\/comments?post=8291"}],"version-history":[{"count":2,"href":"https:\/\/agora.xtec.cat\/zer-pedrera\/wp-json\/wp\/v2\/posts\/8291\/revisions"}],"predecessor-version":[{"id":8296,"href":"https:\/\/agora.xtec.cat\/zer-pedrera\/wp-json\/wp\/v2\/posts\/8291\/revisions\/8296"}],"wp:featuredmedia":[{"embeddable":true,"href":"https:\/\/agora.xtec.cat\/zer-pedrera\/wp-json\/wp\/v2\/media\/8292"}],"wp:attachment":[{"href":"https:\/\/agora.xtec.cat\/zer-pedrera\/wp-json\/wp\/v2\/media?parent=8291"}],"wp:term":[{"taxonomy":"category","embeddable":true,"href":"https:\/\/agora.xtec.cat\/zer-pedrera\/wp-json\/wp\/v2\/categories?post=8291"},{"taxonomy":"post_tag","embeddable":true,"href":"https:\/\/agora.xtec.cat\/zer-pedrera\/wp-json\/wp\/v2\/tags?post=8291"}],"curies":[{"name":"wp","href":"https:\/\/api.w.org\/{rel}","templated":true}]}}