{"id":8249,"date":"2024-06-03T20:29:44","date_gmt":"2024-06-03T18:29:44","guid":{"rendered":"https:\/\/agora.xtec.cat\/zer-pedrera\/?p=8249"},"modified":"2024-06-03T20:29:44","modified_gmt":"2024-06-03T18:29:44","slug":"ci-de-lescola-abat-ruera-el-temps-i-el-rellotge","status":"publish","type":"post","link":"https:\/\/agora.xtec.cat\/zer-pedrera\/general\/ci-de-lescola-abat-ruera-el-temps-i-el-rellotge\/","title":{"rendered":"CI de l&#8217;escola Abat Ruera. El temps i el rellotge"},"content":{"rendered":"<p>Durant aquest tercer trimestre, l&#8217;alumnat de CI han estudiat el pas del temps, a trav\u00e9s del rellotge. Han apr\u00e9s el concepte d&#8217;hora i els quarts. Per poder practicar a classe, els alumnes han fet un rellotge de cartr\u00f3. Aquest ens ha ajudat a consolidar els conceptes treballats.<\/p>\n<p><a href=\"https:\/\/agora.xtec.cat\/zer-pedrera\/wp-content\/uploads\/usu1473\/2024\/06\/IMG-20240520-WA0016.jpg\"><img loading=\"lazy\" decoding=\"async\" class=\"alignnone size-full wp-image-8250\" src=\"https:\/\/agora.xtec.cat\/zer-pedrera\/wp-content\/uploads\/usu1473\/2024\/06\/IMG-20240520-WA0016.jpg\" alt=\"\" width=\"300\" height=\"169\" \/><\/a><\/p>\n<p>&nbsp;<\/p>\n","protected":false},"excerpt":{"rendered":"<p>Durant aquest tercer trimestre, l&#8217;alumnat de CI han estudiat el pas del temps, a trav\u00e9s del rellotge. Han apr\u00e9s el concepte d&#8217;hora i els quarts. Per poder practicar a classe, els alumnes han fet un rellotge de cartr\u00f3. Aquest ens ha ajudat a consolidar els&hellip;  <a href=\"https:\/\/agora.xtec.cat\/zer-pedrera\/general\/ci-de-lescola-abat-ruera-el-temps-i-el-rellotge\/\" title=\"Read CI de l&#8217;escola Abat Ruera. El temps i el rellotge\">Llegeix m\u00e9s\u00bb<\/a><\/p>\n","protected":false},"author":1,"featured_media":8250,"comment_status":"open","ping_status":"closed","sticky":false,"template":"","format":"standard","meta":{"_bbp_topic_count":0,"_bbp_reply_count":0,"_bbp_total_topic_count":0,"_bbp_total_reply_count":0,"_bbp_voice_count":0,"_bbp_anonymous_reply_count":0,"_bbp_topic_count_hidden":0,"_bbp_reply_count_hidden":0,"_bbp_forum_subforum_count":0,"footnotes":""},"categories":[110,1,126,29,89],"tags":[],"class_list":["post-8249","post","type-post","status-publish","format-standard","has-post-thumbnail","hentry","category-escola-abat-ruera","category-general","category-matematiques","category-portada","category-primaria"],"post_mailing_queue_ids":[],"_links":{"self":[{"href":"https:\/\/agora.xtec.cat\/zer-pedrera\/wp-json\/wp\/v2\/posts\/8249","targetHints":{"allow":["GET"]}}],"collection":[{"href":"https:\/\/agora.xtec.cat\/zer-pedrera\/wp-json\/wp\/v2\/posts"}],"about":[{"href":"https:\/\/agora.xtec.cat\/zer-pedrera\/wp-json\/wp\/v2\/types\/post"}],"author":[{"embeddable":true,"href":"https:\/\/agora.xtec.cat\/zer-pedrera\/wp-json\/wp\/v2\/users\/1"}],"replies":[{"embeddable":true,"href":"https:\/\/agora.xtec.cat\/zer-pedrera\/wp-json\/wp\/v2\/comments?post=8249"}],"version-history":[{"count":1,"href":"https:\/\/agora.xtec.cat\/zer-pedrera\/wp-json\/wp\/v2\/posts\/8249\/revisions"}],"predecessor-version":[{"id":8251,"href":"https:\/\/agora.xtec.cat\/zer-pedrera\/wp-json\/wp\/v2\/posts\/8249\/revisions\/8251"}],"wp:featuredmedia":[{"embeddable":true,"href":"https:\/\/agora.xtec.cat\/zer-pedrera\/wp-json\/wp\/v2\/media\/8250"}],"wp:attachment":[{"href":"https:\/\/agora.xtec.cat\/zer-pedrera\/wp-json\/wp\/v2\/media?parent=8249"}],"wp:term":[{"taxonomy":"category","embeddable":true,"href":"https:\/\/agora.xtec.cat\/zer-pedrera\/wp-json\/wp\/v2\/categories?post=8249"},{"taxonomy":"post_tag","embeddable":true,"href":"https:\/\/agora.xtec.cat\/zer-pedrera\/wp-json\/wp\/v2\/tags?post=8249"}],"curies":[{"name":"wp","href":"https:\/\/api.w.org\/{rel}","templated":true}]}}